{"id":1435,"date":"2019-08-31T13:48:05","date_gmt":"2019-08-31T12:48:05","guid":{"rendered":"http:\/\/limboassociation.com\/?p=1435"},"modified":"2020-02-03T13:56:53","modified_gmt":"2020-02-03T12:56:53","slug":"palerme-la-revolte-de-lautre-italie","status":"publish","type":"post","link":"https:\/\/limboassociation.com\/en\/2019\/08\/31\/palerme-la-revolte-de-lautre-italie\/","title":{"rendered":"1\/ Palermo, the revolt of the other Italy"},"content":{"rendered":"<h4 class=\"wp-block-heading\">\u00ab\u00a0Carnets de route en M\u00e9diterran\u00e9e\u00a0\u00bb <\/h4>\n\n\n\n<p class=\"has-drop-cap wp-block-paragraph\"><strong>Une s\u00e9rie de reportages LIMBO autour du bassin m\u00e9diterran\u00e9en pour faire le point sur la situation des migrants \u00e0 l&rsquo;heure o\u00f9 les autorit\u00e9s essaient d&rsquo;effacer le probl\u00e8me. Notre reporter est all\u00e9 de Palerme \u00e0 Catane, de Lampedusa \u00e0 Tunis, pour faire le bilan des d\u00e9parts, des naufrages, de l&rsquo;action des ONG et des gouvernements dans la r\u00e9gion.<\/strong><\/p>\n\n\n\n<p class=\"wp-block-paragraph\"><\/p>\n\n\n\n<p class=\"has-drop-cap wp-block-paragraph\">Palerme gronde. Les murs de la ville sont en col\u00e8re. \u00ab&nbsp;Salvini Parasite&nbsp;!&nbsp;\u00bb, \u00ab&nbsp;Ouvrez les ports&nbsp;!&nbsp;\u00bb. Dans le centre historique, les graffitis fusent. Ils d\u00e9fient le gouvernement du tout-puissant Mateo Salvini, penseur de l\u2019extr\u00eame-droite italienne, \u00e0 la fois chef de la Ligue et ministre de l\u2019int\u00e9rieur. Avec Naples, Florence et Parme, le maire de Palerme refuse d\u2019appliquer le nouveau d\u00e9cret de s\u00e9curit\u00e9 qui \u00ab&nbsp;pue la loi raciale&nbsp;\u00bb. <\/p>\n\n\n\n<p class=\"wp-block-paragraph\">Ne cherchez pas ici de ghetto en banlieue, ni d\u2019Africains qui errent sur les routes, Leoluca Orlando l\u2019a dit avec force&nbsp;: \u00ab&nbsp;il n\u2019y a pas cent mille migrants dans ma ville, il n\u2019y a pas de migrants du tout, seulement des Palermitains.\u00bb.&nbsp;Et sur le port de Palerme, dans les nobles palais d\u00e9catis, les \u00e9glises ou les caf\u00e9s populaires, les habitants ne disent pas autre chose, eux qui ont r\u00e9\u00e9lu leur maire avec 72% des voix. Que Rome aille au diable&nbsp;!<\/p>\n\n\n\n<p class=\"wp-block-paragraph\">Fulvio Paleologo, lui aussi, est en col\u00e8re. Perch\u00e9 dans son bureau au sommet d\u2019un escalier de pierre, le vieux professeur en droit et sciences politiques, cheveux blancs, mais l\u2019\u0153il clair, passe ses journ\u00e9es \u00e0 combattre les \u00ab&nbsp;v\u00e9rit\u00e9s alternatives&nbsp;\u00bb &nbsp;qui ont envahi le discours collectif.&nbsp;Non, il n\u2019y a pas cette grande invasion qui hante les cauchemars de la Ligue. En un an, le nombre de migrants arrivant sur les c\u00f4tes italiennes a chut\u00e9 de 85%. Au plus fort de la crise, les navires de secours r\u00e9cup\u00e9raient jusqu\u2019\u00e0 quatre mille naufrag\u00e9s en deux jours. L\u2019\u00e9t\u00e9 dernier, ils n\u2019\u00e9taient plus que quatre mille par mois, moins de mille cinq cents cet hiver. La mer se vide. <\/p>\n\n\n\n<p class=\"wp-block-paragraph\">Plus de bateaux de Frontex, l\u2019agence europ\u00e9enne des fronti\u00e8res, peu ou plus de bateaux d\u2019ONG. L\u2019Italie s\u2019est d\u00e9barrass\u00e9e du contr\u00f4le de la zone en le confiant \u00e0 Tripoli, capitale de l\u2019enfer libyen dont tous les migrants cherchent \u00e0 s\u2019\u00e9vader. R\u00e9sultat&nbsp;: les \u00ab&nbsp;sauvetages&nbsp;\u00bb, qui sont souvent des abordages, emp\u00eachent 80% des d\u00e9parts. Les autres errent en mer. Avec un jerrycan d\u2019essence pour 450 kilom\u00e8tres de navigation, des moteurs cacochymes, des \u00ab&nbsp;Zodiacs&nbsp;\u00bb en plastique chinois rafistol\u00e9s \u00e0 la rustine, ils n\u2019ont pratiquement aucune chance de toucher les c\u00f4tes de Sicile. Alors ils disparaissent. <\/p>\n\n\n\n<p class=\"wp-block-paragraph\">Sur l\u2019Aquarius en f\u00e9vrier 2016, quand Rome nous signalait la position GPS d\u2019une embarcation en d\u00e9tresse, une t\u00eate d\u2019\u00e9pingle \u00e0 chercher entre les vagues, il arrivait parfois que nous ne trouvions rien. Je me rappelle cette mer vide, l\u2019eau sombre, sans aucune trace de vie. \u00c0 bord, on se taisait, glac\u00e9s. \u00c9tions-nous arriv\u00e9s un quart d\u2019heure trop tard&nbsp;? Avec, au-dessous de nous, invisible au fond de l\u2019eau, un morceau de plastique et cent, parfois cent cinquante hommes, femmes et enfants, flottant dans la vase du fond. Un trou dans l\u2019eau. <\/p>\n\n\n\n<p class=\"wp-block-paragraph\">Combien\nsont-ils aujourd\u2019hui&nbsp;? Le chiffre des disparus depuis 2014 est &#8211;\nofficiellement &#8211; de 18601 personnes. Totalement sous-estim\u00e9 affirment les\nexperts. Qui \u00e9taient-ils&nbsp;? D\u2019o\u00f9 venaient-ils&nbsp;? Quelles \u00e9taient leurs\nvies, leurs histoires&nbsp;? Personne ne le saura jamais. Des \u00e2mes errantes,\nsans nom et sans tombe. Des fant\u00f4mes de la mer.<\/p>\n\n\n\n<p class=\"wp-block-paragraph\">Voil\u00e0 quatre ans, c\u2019\u00e9tait un accident. Aujourd\u2019hui, c\u2019est une politique. Elle a commenc\u00e9 bien avant l\u2019arriv\u00e9e au pouvoir de Mateo Salvini au printemps 2018. D\u00e8s le 2 f\u00e9vrier 2017, sous le r\u00e8gne du PD (Parti D\u00e9mocrate), Rome et Tripoli signent un accord soigneusement pr\u00e9par\u00e9. Marco Minitti, ancien des services et ministre de l\u2019Int\u00e9rieur du gouvernement a fait le voyage \u00e0 Tripoli. \u00ab&nbsp;Et l\u2019Italie a pay\u00e9. Le gouvernement, les milices, les trafiquants d\u2019hommes, des r\u00e9seaux de passeurs v\u00e9reux&nbsp;\u00bb, affirme le professeur Fulvio Paleologo. <\/p>\n\n\n\n<p class=\"wp-block-paragraph\">Le contrat est clair&nbsp;: argent contre migrants. Ou plut\u00f4t l\u2019absence des migrants sur l\u2019eau. Les abordages ont aussit\u00f4t commenc\u00e9, brutaux, \u00e0 la libyenne. \u00c0 la cl\u00e9, des noyades, le retour vers des \u00ab&nbsp;centres d\u2019accueil&nbsp;\u00bb, en clair des prisons tenues par des miliciens qui frappent, violent, torturent et rackettent. D\u00e8s juillet 2017, le flux des migrants se tarit. \u00c0 son arriv\u00e9e au pouvoir, \u00ab&nbsp;Mateo Salvini a beau parler haut et fort, il n\u2019a eu d\u2019action que sur dix pour cent des d\u00e9parts&nbsp;\u00bb, dit le vieux professeur. La mani\u00e8re est radicale. D\u2019abord, le gouvernement a supprim\u00e9 le passeport humanitaire qui permettait aux migrants de se d\u00e9placer librement. Puis un premier \u00ab&nbsp;D\u00e9cret de s\u00e9curit\u00e9&nbsp;\u00bb a ferm\u00e9 les centres d\u2019accueil, restreint le droit de s\u00e9jour et facilit\u00e9 les expulsions. Il est compl\u00e9t\u00e9 par un \u00ab&nbsp;D\u00e9cret de s\u00e9curit\u00e9 bis&nbsp;\u00bb qui interdit les eaux italiennes aux navires des ONG, promet la confiscation du navire et une amende\u2026 d\u2019un million d\u2019euros. <\/p>\n\n\n\n<p class=\"has-drop-cap wp-block-paragraph\">Aujourd\u2019hui, l\u2019homme fort de Rome pense \u00e0 imposer une amende pour \u00ab&nbsp;clandestin import\u00e9&nbsp;\u00bb, en clair par migrant sauv\u00e9 de la noyade. Priv\u00e9 de papiers, les migrants italiens sont devenus des clandestins. Une explosion que ne cesse de d\u00e9noncer Mateo Salvini en agitant le drapeau noir de l\u2019immigration. D\u2019o\u00f9 la profonde col\u00e8re de Fulvio Paleologo, expert en faits et en mensonges&nbsp;: \u00ab&nbsp;La droite provoque l\u2019ins\u00e9curit\u00e9\u2026et s\u2019en sert pour sa campagne \u00e9lectorale&nbsp;!&nbsp;\u00bb&nbsp; <\/p>\n\n\n\n<p class=\"wp-block-paragraph\">Oui, tout Palerme gronde. Et son maire, Leoluca Orlando promet&nbsp;: \u00ab&nbsp;Un jour, il y aura un second proc\u00e8s de Nuremberg. En cour de justice, dans nos consciences ou les livres d\u2019histoire. Un proc\u00e8s pour g\u00e9nocide en M\u00e9diterran\u00e9e.\u00bb<\/p>\n\n\n\n<p class=\"wp-block-paragraph\"><\/p>\n\n\n\n<p class=\"wp-block-paragraph\">Jean-Paul Mari<\/p>\n\n\n\n<p class=\"wp-block-paragraph\"><\/p>\n\n\n\n<p class=\"wp-block-paragraph\"><a href=\"https:\/\/le1hebdo.fr\/\">Article publi\u00e9 dans le journal \u00ab\u00a0Le 1\u00a0\u00bb <\/a><\/p>\n\n\n\n<p class=\"wp-block-paragraph\"><\/p>\n\n\n\n<p class=\"wp-block-paragraph\"><\/p>\n\n\n\n<p class=\"wp-block-paragraph\"><\/p>","protected":false},"excerpt":{"rendered":"<p>\u00ab\u00a0Carnets de route en M\u00e9diterran\u00e9e\u00a0\u00bb Une s\u00e9rie de reportages LIMBO autour du bassin m\u00e9diterran\u00e9en pour faire le point sur la situation des migrants \u00e0 l&rsquo;heure o\u00f9 les autorit\u00e9s essaient d&rsquo;effacer le probl\u00e8me. Notre reporter est all\u00e9 de Palerme \u00e0 Catane, de Lampedusa \u00e0 Tunis, pour faire le bilan des d\u00e9parts, des naufrages, de l&rsquo;action des [&hellip;]<\/p>\n","protected":false},"author":156574116,"featured_media":1449,"comment_status":"closed","ping_status":"open","sticky":false,"template":"","format":"standard","meta":{"_coblocks_attr":"","_coblocks_dimensions":"","_coblocks_responsive_height":"","_coblocks_accordion_ie_support":"","_eb_attr":"","advanced_seo_description":"","jetpack_seo_html_title":"","jetpack_seo_noindex":false,"jetpack_seo_schema_type":"","_jetpack_newsletter_access":"","_jetpack_dont_email_post_to_subs":false,"_jetpack_newsletter_tier_id":0,"_jetpack_memberships_contains_paywalled_content":false,"_wpcom_ai_launchpad_first_post":false,"_jetpack_feature_clip_id":0,"_jetpack_memberships_contains_paid_content":false,"footnotes":"","jetpack_publicize_message":"{title}\n\n{excerpt}\n\n{url}","jetpack_publicize_feature_enabled":true,"jetpack_social_post_already_shared":false,"jetpack_social_options":{"image_generator_settings":{"template":"highway","default_image_id":0,"font":"","enabled":false},"version":2},"_wpas_customize_per_network":false,"jetpack_post_was_ever_published":false},"categories":[41147479],"tags":[58992,693912641,62791,13946,6384795],"class_list":["post-1435","post","type-post","status-publish","format-standard","has-post-thumbnail","hentry","category-nos-reportages","tag-limbo","tag-limbo-association","tag-migrants","tag-reportage","tag-survivants"],"jetpack_publicize_connections":[],"jetpack_likes_enabled":true,"jetpack_sharing_enabled":true,"jetpack_shortlink":"https:\/\/wp.me\/paVtbP-n9","amp_enabled":true,"jetpack_featured_media_url":"https:\/\/i0.wp.com\/limboassociation.com\/wp-content\/uploads\/2019\/08\/carte_sicile_reduite-1-e1567257657485.jpg?fit=640%2C504&ssl=1","_links":{"self":[{"href":"https:\/\/limboassociation.com\/en\/wp-json\/wp\/v2\/posts\/1435","targetHints":{"allow":["GET"]}}],"collection":[{"href":"https:\/\/limboassociation.com\/en\/wp-json\/wp\/v2\/posts"}],"about":[{"href":"https:\/\/limboassociation.com\/en\/wp-json\/wp\/v2\/types\/post"}],"author":[{"embeddable":true,"href":"https:\/\/limboassociation.com\/en\/wp-json\/wp\/v2\/users\/156574116"}],"replies":[{"embeddable":true,"href":"https:\/\/limboassociation.com\/en\/wp-json\/wp\/v2\/comments?post=1435"}],"version-history":[{"count":9,"href":"https:\/\/limboassociation.com\/en\/wp-json\/wp\/v2\/posts\/1435\/revisions"}],"predecessor-version":[{"id":1501,"href":"https:\/\/limboassociation.com\/en\/wp-json\/wp\/v2\/posts\/1435\/revisions\/1501"}],"wp:featuredmedia":[{"embeddable":true,"href":"https:\/\/limboassociation.com\/en\/wp-json\/wp\/v2\/media\/1449"}],"wp:attachment":[{"href":"https:\/\/limboassociation.com\/en\/wp-json\/wp\/v2\/media?parent=1435"}],"wp:term":[{"taxonomy":"category","embeddable":true,"href":"https:\/\/limboassociation.com\/en\/wp-json\/wp\/v2\/categories?post=1435"},{"taxonomy":"post_tag","embeddable":true,"href":"https:\/\/limboassociation.com\/en\/wp-json\/wp\/v2\/tags?post=1435"}],"curies":[{"name":"wp","href":"https:\/\/api.w.org\/{rel}","templated":true}]}}