{"id":584,"date":"2018-04-26T13:05:12","date_gmt":"2018-04-26T12:05:12","guid":{"rendered":"https:\/\/limboassociation.com\/?p=584"},"modified":"2022-03-01T13:34:30","modified_gmt":"2022-03-01T12:34:30","slug":"printemps-2018","status":"publish","type":"post","link":"https:\/\/limboassociation.com\/en\/2018\/04\/26\/printemps-2018\/","title":{"rendered":"Printemps 2018"},"content":{"rendered":"<p class=\"wp-block-paragraph\" style=\"text-align:left;\"><strong>Vacances de P\u00e2ques du 21 au 28 avril<\/strong><\/p>\n\n\n\n<p class=\"wp-block-paragraph\"><em>\u00ab&nbsp;Avec toutes ces activit\u00e9s, on pense moins.<\/em><\/p>\n\n\n\n<p class=\"wp-block-paragraph\"><em>Comme un temps pour nous.<\/em><\/p>\n\n\n\n<p class=\"wp-block-paragraph\"><em>Nous mets la t\u00eate au repos et fait oublier les mauvais souvenirs&nbsp;\u00bb<\/em><\/p>\n\n\n\n<p class=\"wp-block-paragraph\">(Une participante \u00e0 la semaine de Conques)<\/p>\n\n\n\n<p class=\"wp-block-paragraph\">Sofia, Farha, Christiana, Aboubakar, Sara, Aliou, Moaz, Bereket, Djamilatou, Tigesti, Searet, Mohamed, Saeed, Sebel, Mohammed\u2026.Ils sont quinze, venus du Soudan, de Djibouti, d\u2019Erythr\u00e9e, du Cameroun, du Nig\u00e9ria et de Guin\u00e9e-Conakry \u00e0 avoir \u00e9t\u00e9 int\u00e9gr\u00e9s dans notre Semaine de Conques, semaine de repos et de r\u00e9silience de LIMBO.<\/p>\n\n\n\n<p class=\"wp-block-paragraph\">Tous ont connu le parcours le plus dur des migrants &#8211; Libye, camps de torture et traite humaine \u2013 et ont \u00e9t\u00e9 s\u00e9lectionn\u00e9s parmi beaucoup d\u2019autres pour venir passer une semaine dans notre village m\u00e9di\u00e9val en Aveyron, \u00e0 la rencontre des habitants, des artisans et des fr\u00e8res de l\u2019Abbaye qui leur ouvrent leurs portes.<\/p>\n\n\n\n<p class=\"wp-block-paragraph\">Ils sont quinze, 7 filles et 8 gar\u00e7ons, quasiment le double de l\u2019effectif habituel, qui ont bien du mal \u00e0 rejoindre le stage. La gr\u00e8ve des transports a donn\u00e9 lieu \u00e0 une cascade de difficult\u00e9s qui a n\u00e9cessit\u00e9 la mobilisation intensive de toute notre \u00e9quipe LIMBO pour trouver des solutions, trains de remplacement, autobus, voitures priv\u00e9es. Un marathon&nbsp;!<\/p>\n\n\n\n<p class=\"wp-block-paragraph\">Le r\u00e9sultat est l\u00e0.<\/p>\n\n\n\n<p class=\"wp-block-paragraph\">Au programme, des s\u00e9ances quotidiennes d\u2019Art Th\u00e9rapie men\u00e9es par un psychologue, une forme d\u2019expression corporelle qui permet d\u2019exprimer toutes les formes du trauma. Une m\u00e9thode utilis\u00e9e qui, d\u00e9j\u00e0 lors des pr\u00e9c\u00e9dents stages, a donn\u00e9 d\u2019excellents r\u00e9sultats.<\/p>\n\n\n\n<p class=\"wp-block-paragraph\">Beaucoup de marches et de ballades dans les alentours du village et dans la magnifique campagne qui attire chaque ann\u00e9e des vacanciers.<\/p>\n\n\n\n<p class=\"wp-block-paragraph\">Promenades d\u00e9couvertes dans le village lui-m\u00eame o\u00f9 un guide de l\u2019Abbaye n\u2019h\u00e9site pas mimer les bas-reliefs pour mieux les expliquer !<\/p>\n\n\n\n<p class=\"wp-block-paragraph\">Rencontre avec les artisans et avec les artistes, comme cette soir\u00e9e avec Yves et Genevi\u00e8ve, deux conquois engag\u00e9s dans l\u2019accueil. Et soir\u00e9e d\u00e9couverte de la musique et des chants traditionnels aveyronnais qui n\u2019ont pas laiss\u00e9 les stagiaires indiff\u00e9rents puisque tout le monde a fini par danser ensemble&nbsp;!<\/p>\n\n\n\n<p class=\"wp-block-paragraph\">Au programme encore, soir\u00e9e th\u00e9\u00e2tre, session de tirage photos selon des techniques anciennes et, \u00e0 la demande, des entretiens personnalis\u00e9s avec le psychologue qui accompagne cette semaine.<\/p>\n\n\n\n<p class=\"wp-block-paragraph\">Toutes ces activit\u00e9s, les repas, les soir\u00e9es et m\u00eame les nuits, sont encadr\u00e9es par deux b\u00e9n\u00e9voles, Roxane et Francesca, dou\u00e9es en plus de quelques talents de photographe, d\u2019o\u00f9 nos images.<\/p>\n\n\n\n<p class=\"wp-block-paragraph\">Bref, cette Semaine de Conques, qui s\u2019annon\u00e7ait difficile, a commenc\u00e9 en beaut\u00e9.<\/p>\n\n\n\n<p class=\"wp-block-paragraph\">Gr\u00e2ce \u00e0 nos b\u00e9n\u00e9voles, \u00e0 l\u2019\u00e9quipe de l\u2019Abbaye de Conques, aux villageois, artisans, artistes qui ouvrent largement leurs portes et aussi\u2026<\/p>\n\n\n\n<p class=\"wp-block-paragraph\">gr\u00e2ce \u00e0 vous, \u00e0 vos dons, \u00e0 votre soutien.<\/p>\n\n\n\n<p class=\"wp-block-paragraph\">Alors MERCI&nbsp;POUR EUX&nbsp;!<\/p>","protected":false},"excerpt":{"rendered":"<p>Vacances de P\u00e2ques du 21 au 28 avril \u00ab&nbsp;Avec toutes ces activit\u00e9s, on pense moins. Comme un temps pour nous. Nous mets la t\u00eate au repos et fait oublier les mauvais souvenirs&nbsp;\u00bb (Une participante \u00e0 la semaine de Conques) Sofia, Farha, Christiana, Aboubakar, Sara, Aliou, Moaz, Bereket, Djamilatou, Tigesti, Searet, Mohamed, Saeed, Sebel, Mohammed\u2026.Ils sont [&hellip;]<\/p>\n","protected":false},"author":156574116,"featured_media":149,"comment_status":"closed","ping_status":"open","sticky":false,"template":"","format":"standard","meta":{"_coblocks_attr":"","_coblocks_dimensions":"","_coblocks_responsive_height":"","_coblocks_accordion_ie_support":"","_eb_attr":"","advanced_seo_description":"","jetpack_seo_html_title":"","jetpack_seo_noindex":false,"jetpack_seo_schema_type":"","_jetpack_newsletter_access":"","_jetpack_dont_email_post_to_subs":false,"_jetpack_newsletter_tier_id":0,"_jetpack_memberships_contains_paywalled_content":false,"_wpcom_ai_launchpad_first_post":false,"_jetpack_feature_clip_id":0,"_jetpack_memberships_contains_paid_content":false,"footnotes":"","jetpack_publicize_message":"{title}\n\n{excerpt}\n\n{url}","jetpack_publicize_feature_enabled":true,"jetpack_social_post_already_shared":false,"jetpack_social_options":{"image_generator_settings":{"template":"highway","default_image_id":0,"font":"","enabled":false},"version":2},"_wpas_customize_per_network":false,"jetpack_post_was_ever_published":false},"categories":[679859037],"tags":[2153715,58992,693912641,92689700,1074954],"class_list":["post-584","post","type-post","status-publish","format-standard","has-post-thumbnail","hentry","category-les-sejours-a-conques","tag-art-therapie","tag-limbo","tag-limbo-association","tag-mediation-artistique","tag-sejour"],"jetpack_publicize_connections":[],"jetpack_likes_enabled":true,"jetpack_sharing_enabled":true,"jetpack_shortlink":"https:\/\/wp.me\/paVtbP-9q","amp_enabled":true,"jetpack_featured_media_url":"https:\/\/i0.wp.com\/limboassociation.com\/wp-content\/uploads\/2019\/04\/printemps-2018.jpg?fit=960%2C960&ssl=1","_links":{"self":[{"href":"https:\/\/limboassociation.com\/en\/wp-json\/wp\/v2\/posts\/584","targetHints":{"allow":["GET"]}}],"collection":[{"href":"https:\/\/limboassociation.com\/en\/wp-json\/wp\/v2\/posts"}],"about":[{"href":"https:\/\/limboassociation.com\/en\/wp-json\/wp\/v2\/types\/post"}],"author":[{"embeddable":true,"href":"https:\/\/limboassociation.com\/en\/wp-json\/wp\/v2\/users\/156574116"}],"replies":[{"embeddable":true,"href":"https:\/\/limboassociation.com\/en\/wp-json\/wp\/v2\/comments?post=584"}],"version-history":[{"count":2,"href":"https:\/\/limboassociation.com\/en\/wp-json\/wp\/v2\/posts\/584\/revisions"}],"predecessor-version":[{"id":2227,"href":"https:\/\/limboassociation.com\/en\/wp-json\/wp\/v2\/posts\/584\/revisions\/2227"}],"wp:featuredmedia":[{"embeddable":true,"href":"https:\/\/limboassociation.com\/en\/wp-json\/wp\/v2\/media\/149"}],"wp:attachment":[{"href":"https:\/\/limboassociation.com\/en\/wp-json\/wp\/v2\/media?parent=584"}],"wp:term":[{"taxonomy":"category","embeddable":true,"href":"https:\/\/limboassociation.com\/en\/wp-json\/wp\/v2\/categories?post=584"},{"taxonomy":"post_tag","embeddable":true,"href":"https:\/\/limboassociation.com\/en\/wp-json\/wp\/v2\/tags?post=584"}],"curies":[{"name":"wp","href":"https:\/\/api.w.org\/{rel}","templated":true}]}}