{"id":593,"date":"2018-12-26T13:06:41","date_gmt":"2018-12-26T12:06:41","guid":{"rendered":"https:\/\/limboassociation.com\/?p=593"},"modified":"2022-07-12T13:06:35","modified_gmt":"2022-07-12T12:06:35","slug":"hiver-2018","status":"publish","type":"post","link":"https:\/\/limboassociation.com\/en\/2018\/12\/26\/hiver-2018\/","title":{"rendered":"Winter 2018"},"content":{"rendered":"<div data-elementor-type=\"wp-post\" data-elementor-id=\"593\" class=\"elementor elementor-593\">\n\t\t\t\t\t\t<section class=\"elementor-section elementor-top-section elementor-element elementor-element-336fbe1 elementor-section-boxed elementor-section-height-default elementor-section-height-default\" data-id=\"336fbe1\" data-element_type=\"section\" data-e-type=\"section\">\n\t\t\t\t\t\t<div class=\"elementor-container elementor-column-gap-default\">\n\t\t\t\t\t<div class=\"elementor-column elementor-col-100 elementor-top-column elementor-element elementor-element-56c413f\" data-id=\"56c413f\" data-element_type=\"column\" data-e-type=\"column\">\n\t\t\t<div class=\"elementor-widget-wrap elementor-element-populated\">\n\t\t\t\t\t\t<div class=\"elementor-element elementor-element-9ea2e7f elementor-widget elementor-widget-video\" data-id=\"9ea2e7f\" data-element_type=\"widget\" data-e-type=\"widget\" data-settings=\"{&quot;youtube_url&quot;:&quot;https:\\\/\\\/youtu.be\\\/oy44azMFCJU&quot;,&quot;video_type&quot;:&quot;youtube&quot;,&quot;controls&quot;:&quot;yes&quot;}\" data-widget_type=\"video.default\">\n\t\t\t\t<div class=\"elementor-widget-container\">\n\t\t\t\t\t\t\t<div class=\"elementor-wrapper elementor-open-inline\">\n\t\t\t<div class=\"elementor-video\"><\/div>\t\t<\/div>\n\t\t\t\t\t\t<\/div>\n\t\t\t\t<\/div>\n\t\t\t\t\t<\/div>\n\t\t<\/div>\n\t\t\t\t\t<\/div>\n\t\t<\/section>\n\t\t\t\t<section class=\"elementor-section elementor-top-section elementor-element elementor-element-20e0898 elementor-section-boxed elementor-section-height-default elementor-section-height-default\" data-id=\"20e0898\" data-element_type=\"section\" data-e-type=\"section\">\n\t\t\t\t\t\t<div class=\"elementor-container elementor-column-gap-default\">\n\t\t\t\t\t<div class=\"elementor-column elementor-col-100 elementor-top-column elementor-element elementor-element-7afd85e\" data-id=\"7afd85e\" data-element_type=\"column\" data-e-type=\"column\">\n\t\t\t<div class=\"elementor-widget-wrap elementor-element-populated\">\n\t\t\t\t\t\t<div class=\"elementor-element elementor-element-a2e16bb elementor-widget-divider--view-line elementor-widget elementor-widget-divider\" data-id=\"a2e16bb\" data-element_type=\"widget\" data-e-type=\"widget\" data-widget_type=\"divider.default\">\n\t\t\t\t<div class=\"elementor-widget-container\">\n\t\t\t\t\t\t\t<div class=\"elementor-divider\">\n\t\t\t<span class=\"elementor-divider-separator\">\n\t\t\t\t\t\t<\/span>\n\t\t<\/div>\n\t\t\t\t\t\t<\/div>\n\t\t\t\t<\/div>\n\t\t\t\t\t<\/div>\n\t\t<\/div>\n\t\t\t\t\t<\/div>\n\t\t<\/section>\n\t\t\t\t<section class=\"elementor-section elementor-top-section elementor-element elementor-element-2666abbb elementor-section-boxed elementor-section-height-default elementor-section-height-default\" data-id=\"2666abbb\" data-element_type=\"section\" data-e-type=\"section\">\n\t\t\t\t\t\t<div class=\"elementor-container elementor-column-gap-default\">\n\t\t\t\t\t<div class=\"elementor-column elementor-col-100 elementor-top-column elementor-element elementor-element-4fda996\" data-id=\"4fda996\" data-element_type=\"column\" data-e-type=\"column\">\n\t\t\t<div class=\"elementor-widget-wrap elementor-element-populated\">\n\t\t\t\t\t\t<div class=\"elementor-element elementor-element-de0f263 elementor-widget elementor-widget-text-editor\" data-id=\"de0f263\" data-element_type=\"widget\" data-e-type=\"widget\" data-widget_type=\"text-editor.default\">\n\t\t\t\t<div class=\"elementor-widget-container\">\n\t\t\t\t\t\t\t\t\t\n<h2>DAY 1<\/h2>\n\n<p class=\"wp-block-paragraph\">Les yeux sont encore pliss\u00e9s par la fatigue. Apr\u00e8s huit heures de trajet depuis Paris jusqu\u2019\u00e0 la gare de Saint-Christophe, nous d\u00e9barquons sur un quai sombre, o\u00f9 se d\u00e9tachent les robes blanches de deux fr\u00e8res de l\u2019Abbaye de Sainte-Foy, \u00e0 Conques (Aveyron).<\/p>\n\n<p class=\"wp-block-paragraph\">Nous, c\u2019est-\u00e0-dire deux accompagnatrices Limbo, et six jeunes. Rapidement, ils deviendront \u00e0 nos yeux Sadiq l\u2019optimiste, Sam le juste, Nadim l\u2019artiste, Halima la petite s\u0153ur, Sara la douce et Ken l\u2019impertinent.<\/p>\n\n<figure class=\"wp-block-image\"><img decoding=\"async\" data-attachment-id=\"221\" data-permalink=\"https:\/\/limboassociation.com\/en\/img_0010\/\" data-orig-file=\"https:\/\/i0.wp.com\/limboassociation.com\/wp-content\/uploads\/2019\/04\/img_0010-scaled.jpg?fit=2560%2C1920&amp;ssl=1\" data-orig-size=\"2560,1920\" data-comments-opened=\"1\" data-image-meta=\"{&quot;aperture&quot;:&quot;1.8&quot;,&quot;credit&quot;:&quot;&quot;,&quot;camera&quot;:&quot;iPhone 7 Plus&quot;,&quot;caption&quot;:&quot;&quot;,&quot;created_timestamp&quot;:&quot;1546170983&quot;,&quot;copyright&quot;:&quot;&quot;,&quot;focal_length&quot;:&quot;3.99&quot;,&quot;iso&quot;:&quot;20&quot;,&quot;shutter_speed&quot;:&quot;0.0078125&quot;,&quot;title&quot;:&quot;&quot;,&quot;orientation&quot;:&quot;1&quot;}\" data-image-title=\"IMG_0010\" data-image-description=\"\" data-image-caption=\"\" data-large-file=\"https:\/\/i0.wp.com\/limboassociation.com\/wp-content\/uploads\/2019\/04\/img_0010-scaled.jpg?fit=1024%2C768&amp;ssl=1\" data-recalc-dims=\"1\" class=\"wp-image-221 lazyload\" data-src=\"https:\/\/i0.wp.com\/limboassociation.com\/wp-content\/uploads\/2019\/04\/img_0010.jpg?w=1170&#038;ssl=1\" alt=\"\" src=\"data:image\/svg+xml;base64,PHN2ZyB3aWR0aD0iMSIgaGVpZ2h0PSIxIiB4bWxucz0iaHR0cDovL3d3dy53My5vcmcvMjAwMC9zdmciPjwvc3ZnPg==\" \/><\/figure>\n\n<p class=\"wp-block-paragraph\">L\u2019accueil chaleureux des moines r\u00e9chauffe l\u2019air gel\u00e9 et r\u00e9veille nos esprits endormis. \u00c0 peine arriv\u00e9s, nous prenons un premier petit-d\u00e9jeuner ensemble, dans la salle o\u00f9 nous mangerons et \u00e9changerons quotidiennement avec fr\u00e8res, p\u00e8lerins et hospitaliers. Comme le dit Ken l\u2019impertinent, originaire du Sierra-Leone, nous sommes l\u00e0 pour <em>\u00ab\u00a0meet some new people, and have fun\u00a0\u00bb.<\/em><\/p>\n\n<p class=\"wp-block-paragraph\">Le sommeil persistant, nous nous r\u00e9partissons par deux dans les chambres. Halima la petite s\u0153ur d\u00e9couvre que nous ne dormons pas dans des tentes, comme elle se l\u2019imaginait. Une surprise qui s\u2019ajoute \u00e0 son \u00e9tonnement de la veille, devant le train couchette\u00a0: <em>\u00ab\u00a0je n\u2019avais jamais vu des lits dans un train.\u00a0\u00bb<\/em><\/p>\n\n<p class=\"wp-block-paragraph\">Les pr\u00e9sentations faites, nous partons admirer les vitraux de Pierre Soulages dans l\u2019\u00e9glise de Sainte-Foy, avant une balade dans les rues pav\u00e9es du village m\u00e9di\u00e9val. Le brouillard enveloppe Conques, situ\u00e9e sur les hauteurs d\u2019une montagne. Une atmosph\u00e8re brumeuse qui fait \u00e9cho \u00e0 nos impressions. Nous ne nous connaissons pas encore\u2026 mais le voile ne tardera pas \u00e0 se lever.<\/p>\n<hr class=\"wp-block-separator has-css-opacity\" \/>\n<h2 class=\"wp-block-heading\">DAY 2<\/h2>\n\n<p class=\"wp-block-paragraph\">Apr\u00e8s une nuit frileuse, chacun accepte avec plus ou moins d\u2019enthousiasme de se lever. Pour certains, la nuit est une \u00e9tape redout\u00e9e. L\u2019un des gar\u00e7ons ne dort en moyenne que deux heures, d\u2019autres, tardent \u00e0 trouver le sommeil\u00a0: une des cons\u00e9quences du traumatisme. En proposant des journ\u00e9es avec un rythme r\u00e9gulier, Limbo s\u2019efforce de r\u00e9soudre cette inversion du cycle jour-nuit. \u00a0<\/p>\n\n<p class=\"wp-block-paragraph\">Inattendu en ce 31 d\u00e9cembre, le soleil pointe son nez. On profite de l\u2019occasion pour arpenter plus s\u00e9rieusement les alentours. Fr\u00e8re Pierre-Adrien et Fr\u00e8re Damien, deux des sept moines de l\u2019abbaye, nous guident sur le chemin des vignobles. Chaque panorama est pr\u00e9texte \u00e0 une s\u00e9ance photo. Nadim l\u2019artiste, Afghan, prend les commandes et tire le portrait de la troupe. Trop lents, nous sommes rapidement distanc\u00e9s par le Fr\u00e8re Damien, pourtant chauss\u00e9 de ses sandales de moine.<\/p>\n\n<figure class=\"wp-block-image\"><img decoding=\"async\" data-attachment-id=\"344\" data-permalink=\"https:\/\/limboassociation.com\/en\/img_0240-carre-2\/\" data-orig-file=\"https:\/\/i0.wp.com\/limboassociation.com\/wp-content\/uploads\/2019\/04\/img_0240-carrecc81-scaled.jpeg?fit=2560%2C2560&amp;ssl=1\" data-orig-size=\"2560,2560\" data-comments-opened=\"1\" data-image-meta=\"{&quot;aperture&quot;:&quot;1.8&quot;,&quot;credit&quot;:&quot;&quot;,&quot;camera&quot;:&quot;iPhone 7 Plus&quot;,&quot;caption&quot;:&quot;&quot;,&quot;created_timestamp&quot;:&quot;1546269171&quot;,&quot;copyright&quot;:&quot;&quot;,&quot;focal_length&quot;:&quot;3.99&quot;,&quot;iso&quot;:&quot;20&quot;,&quot;shutter_speed&quot;:&quot;0.0020161290322581&quot;,&quot;title&quot;:&quot;&quot;,&quot;orientation&quot;:&quot;1&quot;}\" data-image-title=\"IMG_0240-carre\u0301\" data-image-description=\"\" data-image-caption=\"\" data-large-file=\"https:\/\/i0.wp.com\/limboassociation.com\/wp-content\/uploads\/2019\/04\/img_0240-carrecc81-scaled.jpeg?fit=1024%2C1024&amp;ssl=1\" data-recalc-dims=\"1\" class=\"wp-image-344 lazyload\" data-src=\"https:\/\/i0.wp.com\/limboassociation.com\/wp-content\/uploads\/2019\/04\/img_0240-carrecc81.jpeg?w=1170&#038;ssl=1\" alt=\"\" src=\"data:image\/svg+xml;base64,PHN2ZyB3aWR0aD0iMSIgaGVpZ2h0PSIxIiB4bWxucz0iaHR0cDovL3d3dy53My5vcmcvMjAwMC9zdmciPjwvc3ZnPg==\" \/><\/figure>\n\n<p class=\"wp-block-paragraph\">La matin\u00e9e se termine avec une partie de p\u00e9tanque de haut niveau pendant laquelle Ken l\u2019impertinent, d\u00e9butant, nous \u00e9pate tous.<\/p>\n\n<p class=\"wp-block-paragraph\">L\u2019apr\u00e8s-midi est d\u00e9di\u00e9 aux pr\u00e9parations des festivit\u00e9s du nouvel an. Les courses faites, chacun s\u2019attelle \u00e0 sa t\u00e2che, selon les indications de la soudanaise Sara la douce, devenue pour l\u2019occasion Sara la chef cuisini\u00e8re. Le menu sera mexicain, soudanais et fran\u00e7ais\u00a0: guacamole en entr\u00e9e, <em>guima<\/em> and <em>salata aswad<\/em> en plat (b\u0153uf, pomme de terre, carottes, ail, \u00e9pices d\u2019un c\u00f4t\u00e9, aubergine et beurre de cacahou\u00e8tes de l\u2019autre). Et pour le dessert, des cr\u00eapes, d\u00e9gust\u00e9es avec les fr\u00e8res et les visiteurs.<\/p>\n\n<p class=\"wp-block-paragraph\">Le d\u00e9compte se fait au coin du feu de la grande salle. Nous invitons les jeunes \u00e0 \u00e9voquer \u00e0 haute voix leurs v\u0153ux pour 2019. Tous commencent par souhaiter du bonheur aux autres. Ce n\u2019est que lors d\u2019un second tour qu\u2019ils confient, d\u2019une m\u00eame voix, n\u2019avoir pour eux-m\u00eames qu\u2019un espoir en t\u00eate\u00a0: obtenir leurs papiers cette ann\u00e9e.<\/p>\n<hr class=\"wp-block-separator has-css-opacity\" \/>\n<figure class=\"wp-block-image\"><img decoding=\"async\" data-attachment-id=\"323\" data-permalink=\"https:\/\/limboassociation.com\/en\/_mg_6473\/\" data-orig-file=\"https:\/\/i0.wp.com\/limboassociation.com\/wp-content\/uploads\/2019\/04\/mg_6473-scaled.jpeg?fit=2560%2C1707&amp;ssl=1\" data-orig-size=\"2560,1707\" data-comments-opened=\"1\" data-image-meta=\"{&quot;aperture&quot;:&quot;2.8&quot;,&quot;credit&quot;:&quot;&quot;,&quot;camera&quot;:&quot;Canon EOS 5D Mark II&quot;,&quot;caption&quot;:&quot;&quot;,&quot;created_timestamp&quot;:&quot;1546463404&quot;,&quot;copyright&quot;:&quot;&quot;,&quot;focal_length&quot;:&quot;28&quot;,&quot;iso&quot;:&quot;1250&quot;,&quot;shutter_speed&quot;:&quot;0.025&quot;,&quot;title&quot;:&quot;&quot;,&quot;orientation&quot;:&quot;1&quot;}\" data-image-title=\"_MG_6473\" data-image-description=\"\" data-image-caption=\"\" data-large-file=\"https:\/\/i0.wp.com\/limboassociation.com\/wp-content\/uploads\/2019\/04\/mg_6473-scaled.jpeg?fit=1024%2C683&amp;ssl=1\" data-recalc-dims=\"1\" class=\"wp-image-323 lazyload\" data-src=\"https:\/\/i0.wp.com\/limboassociation.com\/wp-content\/uploads\/2019\/04\/mg_6473.jpeg?w=1170&#038;ssl=1\" alt=\"\" src=\"data:image\/svg+xml;base64,PHN2ZyB3aWR0aD0iMSIgaGVpZ2h0PSIxIiB4bWxucz0iaHR0cDovL3d3dy53My5vcmcvMjAwMC9zdmciPjwvc3ZnPg==\" \/>\n<figcaption class=\"wp-element-caption\"><em>Olga Kravets<\/em><\/figcaption>\n<\/figure>\n\n<h2 class=\"wp-block-heading\">DAY 3<\/h2>\n\n<p class=\"wp-block-paragraph\">\u00ab\u00a0Joyeux anniversaire !\u00a0\u00bb Alors que ce matin r\u00e9sonnent les traditionnels \u00ab\u00a0bonne ann\u00e9e\u00a0\u00bb, l\u2019\u00e9quipe Limbo c\u00e9l\u00e8bre un autre \u00e9v\u00e9nement\u00a0: les 27 ans de Sam le juste, originaire du Soudan.<\/p>\n\n<p class=\"wp-block-paragraph\">Pour l\u2019occasion, nous d\u00e9cidons de rendre visite \u00e0 une famille Erythr\u00e9enne, install\u00e9e \u00e0 Conques depuis deux ans. Sadiq, Sam, Nadim et Sara se r\u00e9jouissent de retrouver Yodit, Biede et leurs 4 enfants, qu\u2019ils ont d\u00e9j\u00e0 rencontr\u00e9s lors d\u2019un pr\u00e9c\u00e9dent s\u00e9jour \u00e0 Conques.<\/p>\n\n<p class=\"wp-block-paragraph\">Nous avons \u00e9t\u00e9 pr\u00e9venus\u00a0: <em>\u00ab\u00a0prendre un caf\u00e9 traditionnel chez Yodit et Biede, ce n\u2019est pas comme en France. Vous en avez pour l\u2019apr\u00e8s-midi !\u00a0\u00bb<\/em> En effet. Yodit torr\u00e9fie les grains de caf\u00e9, elle les moud, elle les filtre. \u00c0 mi-parcours, elle fait sentir \u00e0 tous le parfum amer. <em>\u00ab C\u2019est comme \u00e0 la maison\u00a0<\/em>\u00bb confie Sadiq l\u2019optimiste, soudanais lui aussi.<\/p>\n\n<p class=\"wp-block-paragraph\">Dans ce grand salon, on se sent presque \u00e0 l\u2019\u00e9troit. Yodit re\u00e7oit visiblement des visiteurs \u00e0 longueur de journ\u00e9e, et sur la table basse, g\u00e2teaux et papillotes d\u00e9bordent. Devant son public, Sam souffle ses bougies, embarrass\u00e9 mais les yeux brillants.<\/p>\n\n<figure class=\"wp-block-image is-resized\"><img fetchpriority=\"high\" decoding=\"async\" data-attachment-id=\"341\" data-permalink=\"https:\/\/limboassociation.com\/en\/_mg_7088\/\" data-orig-file=\"https:\/\/i0.wp.com\/limboassociation.com\/wp-content\/uploads\/2019\/04\/mg_7088-scaled.jpeg?fit=2560%2C1707&amp;ssl=1\" data-orig-size=\"2560,1707\" data-comments-opened=\"1\" data-image-meta=\"{&quot;aperture&quot;:&quot;4&quot;,&quot;credit&quot;:&quot;&quot;,&quot;camera&quot;:&quot;Canon EOS 5D Mark II&quot;,&quot;caption&quot;:&quot;&quot;,&quot;created_timestamp&quot;:&quot;1546555269&quot;,&quot;copyright&quot;:&quot;&quot;,&quot;focal_length&quot;:&quot;24&quot;,&quot;iso&quot;:&quot;1250&quot;,&quot;shutter_speed&quot;:&quot;0.02&quot;,&quot;title&quot;:&quot;&quot;,&quot;orientation&quot;:&quot;1&quot;}\" data-image-title=\"_MG_7088\" data-image-description=\"\" data-image-caption=\"\" data-large-file=\"https:\/\/i0.wp.com\/limboassociation.com\/wp-content\/uploads\/2019\/04\/mg_7088-scaled.jpeg?fit=1024%2C683&amp;ssl=1\" data-recalc-dims=\"1\" class=\"wp-image-341\" src=\"https:\/\/i0.wp.com\/limboassociation.com\/wp-content\/uploads\/2019\/04\/mg_7088.jpeg?resize=557%2C371&#038;ssl=1\" alt=\"\" width=\"557\" height=\"371\" \/>\n<figcaption class=\"wp-element-caption\">Olga Kravets<\/figcaption>\n<\/figure>\n\n<p class=\"wp-block-paragraph\">Une partie anim\u00e9e de UNO succ\u00e8de au go\u00fbter. Ponctu\u00e9s d\u2019incompr\u00e9hensions et d\u2019\u00e9clats de rire, les jeux de soci\u00e9t\u00e9 nous rapprochent tous. Enfants, jeunes et invit\u00e9s de passage participent, dans une pagaille absolue, domin\u00e9e d\u2019une main de ma\u00eetre par la benjamine, M\u00e9rone. <em>\u00ab\u00a0Pr\u00eates-lui tes lunettes \u00bb, <\/em>se moque-t-elle en pointant le perdant du doigt.<\/p>\n\n<p class=\"wp-block-paragraph\">La journ\u00e9e se termine t\u00f4t avec l\u2019arriv\u00e9e de Maya, art-th\u00e9rapeute. Les ateliers de danse d\u00e9marreront d\u00e8s le lendemain matin.<\/p>\n<hr class=\"wp-block-separator has-css-opacity\" \/>\n<h2 class=\"wp-block-heading\">DAY 4<\/h2>\n\n<p class=\"wp-block-paragraph\">\u201cFormidable\u201d, \u201chappy\u201d, \u201crelax\u201d&#8230; L\u2019art-th\u00e9rapeute Maya propose \u00e0 chacun de r\u00e9sumer son humeur du jour avec un mot. L\u2019atelier commence,\u00a0avec quelques indications. Il faut marcher, s\u2019adresser un sourire. Puis \u00e9changer un contact. Peu \u00e0 peu, les esprits se d\u00e9sinhibent.<\/p>\n\n<figure class=\"wp-block-image\"><img decoding=\"async\" width=\"1279\" height=\"853\" data-attachment-id=\"216\" data-permalink=\"https:\/\/limboassociation.com\/en\/_mg_6603\/\" data-orig-file=\"https:\/\/i0.wp.com\/limboassociation.com\/wp-content\/uploads\/2019\/04\/mg_6603.jpg?fit=1279%2C853&amp;ssl=1\" data-orig-size=\"1279,853\" data-comments-opened=\"1\" data-image-meta=\"{&quot;aperture&quot;:&quot;2.8&quot;,&quot;credit&quot;:&quot;&quot;,&quot;camera&quot;:&quot;Canon EOS 5D Mark II&quot;,&quot;caption&quot;:&quot;&quot;,&quot;created_timestamp&quot;:&quot;1546514724&quot;,&quot;copyright&quot;:&quot;&quot;,&quot;focal_length&quot;:&quot;70&quot;,&quot;iso&quot;:&quot;1250&quot;,&quot;shutter_speed&quot;:&quot;0.01&quot;,&quot;title&quot;:&quot;&quot;,&quot;orientation&quot;:&quot;1&quot;}\" data-image-title=\"_MG_6603\" data-image-description=\"\" data-image-caption=\"\" data-large-file=\"https:\/\/i0.wp.com\/limboassociation.com\/wp-content\/uploads\/2019\/04\/mg_6603.jpg?fit=1024%2C683&amp;ssl=1\" data-recalc-dims=\"1\" class=\"wp-image-216 lazyload\" data-src=\"https:\/\/i0.wp.com\/limboassociation.com\/wp-content\/uploads\/2019\/04\/mg_6603.jpg?w=1170&#038;ssl=1\" alt=\"\" data-srcset=\"https:\/\/i0.wp.com\/limboassociation.com\/wp-content\/uploads\/2019\/04\/mg_6603.jpg?w=1279&amp;ssl=1 1279w, https:\/\/i0.wp.com\/limboassociation.com\/wp-content\/uploads\/2019\/04\/mg_6603.jpg?resize=300%2C200&amp;ssl=1 300w, https:\/\/i0.wp.com\/limboassociation.com\/wp-content\/uploads\/2019\/04\/mg_6603.jpg?resize=1024%2C683&amp;ssl=1 1024w, https:\/\/i0.wp.com\/limboassociation.com\/wp-content\/uploads\/2019\/04\/mg_6603.jpg?resize=768%2C512&amp;ssl=1 768w, https:\/\/i0.wp.com\/limboassociation.com\/wp-content\/uploads\/2019\/04\/mg_6603.jpg?resize=16%2C12&amp;ssl=1 16w, https:\/\/i0.wp.com\/limboassociation.com\/wp-content\/uploads\/2019\/04\/mg_6603.jpg?resize=830%2C554&amp;ssl=1 830w, https:\/\/i0.wp.com\/limboassociation.com\/wp-content\/uploads\/2019\/04\/mg_6603.jpg?resize=230%2C153&amp;ssl=1 230w, https:\/\/i0.wp.com\/limboassociation.com\/wp-content\/uploads\/2019\/04\/mg_6603.jpg?resize=350%2C233&amp;ssl=1 350w, https:\/\/i0.wp.com\/limboassociation.com\/wp-content\/uploads\/2019\/04\/mg_6603.jpg?resize=480%2C320&amp;ssl=1 480w\" data-sizes=\"(max-width: 1170px) 100vw, 1170px\" src=\"data:image\/svg+xml;base64,PHN2ZyB3aWR0aD0iMSIgaGVpZ2h0PSIxIiB4bWxucz0iaHR0cDovL3d3dy53My5vcmcvMjAwMC9zdmciPjwvc3ZnPg==\" style=\"--smush-placeholder-width: 1279px; --smush-placeholder-aspect-ratio: 1279\/853;\" \/>\n<figcaption class=\"wp-element-caption\">Olga Kravets<\/figcaption>\n<\/figure>\n\n<p class=\"wp-block-paragraph\">Quand Nadim croise Halima, il pose sa t\u00eate sur son \u00e9paule. D\u2019un geste fraternel, Sam et Ken sont front contre front. Sara, plus timide, touche du bout de l\u2019index ceux qu\u2019elle croise. L&rsquo;id\u00e9e est de permettre aux jeunes de se r\u00e9approprier leurs corps, de r\u00e9tablir un lien de confiance, en eux et en les autres.<\/p>\n\n<p class=\"wp-block-paragraph\">Pendant ce s\u00e9jour, le principe est de ne pas parler du pass\u00e9 et des traumatismes, si les jeunes n&rsquo;en ont pas besoin. L\u2019art-th\u00e9rapie repr\u00e9sente une fa\u00e7on d\u00e9tourn\u00e9e et subtile pour eux d\u2019exprimer leurs \u00e9motions.<\/p>\n\n<p class=\"wp-block-paragraph\">Les repas sont un bon pr\u00e9texte pour inciter le groupe \u00e0 sortir de sa bulle. Les fr\u00e8res de l&rsquo;abbaye de Conques invitent les jeunes \u00e0 se r\u00e9partir autour de la grande table, afin de se m\u00ealer aux p\u00e8lerins et aux moines. Les filles semblent intimid\u00e9es, s\u00e9par\u00e9es pour la premi\u00e8re fois. Mais d\u00e9j\u00e0, Sadiq l\u2019optimiste tend sa main vers son voisin : \u201cbonjour, je m\u2019appelle Sadiq. Et toi ?\u201d<\/p>\n\n<figure class=\"wp-block-image\"><img decoding=\"async\" data-attachment-id=\"318\" data-permalink=\"https:\/\/limboassociation.com\/en\/_mg_6349\/\" data-orig-file=\"https:\/\/i0.wp.com\/limboassociation.com\/wp-content\/uploads\/2019\/04\/mg_6349-scaled.jpeg?fit=2560%2C1707&amp;ssl=1\" data-orig-size=\"2560,1707\" data-comments-opened=\"1\" data-image-meta=\"{&quot;aperture&quot;:&quot;5.6&quot;,&quot;credit&quot;:&quot;&quot;,&quot;camera&quot;:&quot;Canon EOS 5D Mark II&quot;,&quot;caption&quot;:&quot;&quot;,&quot;created_timestamp&quot;:&quot;1546446122&quot;,&quot;copyright&quot;:&quot;&quot;,&quot;focal_length&quot;:&quot;40&quot;,&quot;iso&quot;:&quot;250&quot;,&quot;shutter_speed&quot;:&quot;0.004&quot;,&quot;title&quot;:&quot;&quot;,&quot;orientation&quot;:&quot;1&quot;}\" data-image-title=\"_MG_6349\" data-image-description=\"\" data-image-caption=\"\" data-large-file=\"https:\/\/i0.wp.com\/limboassociation.com\/wp-content\/uploads\/2019\/04\/mg_6349-scaled.jpeg?fit=1024%2C683&amp;ssl=1\" data-recalc-dims=\"1\" class=\"wp-image-318 lazyload\" data-src=\"https:\/\/i0.wp.com\/limboassociation.com\/wp-content\/uploads\/2019\/04\/mg_6349.jpeg?w=1170&#038;ssl=1\" alt=\"\" src=\"data:image\/svg+xml;base64,PHN2ZyB3aWR0aD0iMSIgaGVpZ2h0PSIxIiB4bWxucz0iaHR0cDovL3d3dy53My5vcmcvMjAwMC9zdmciPjwvc3ZnPg==\" \/>\n<figcaption class=\"wp-element-caption\"><em>Olga Kravets<\/em><\/figcaption>\n<\/figure>\n\n<p class=\"wp-block-paragraph\">Les lumi\u00e8res bleues, rouges, et vertes se refl\u00e8tent sur les visages. Cet apr\u00e8s-midi, nous sommes chez Mr Deniau, ma\u00eetre verrier. Son atelier, perch\u00e9 sur les hauteurs d\u2019une colline, est perdu au milieu de la nature. Il nous invite \u00e0 toucher ses vitraux, certains ont plus de 50 ans, d\u2019autres sont en cours de r\u00e9alisation.<\/p>\n\n<p class=\"wp-block-paragraph\">Nadim l\u2019artiste \u00e9carquille les yeux. Il fait partie des trois jeunes du groupe qui s\u2019expriment en anglais, mais son envie de poser des questions le pousse \u00e0 d\u00e9passer la barri\u00e8re de la langue. \u201cComment vous mettez les couleurs dans le verre ?\u201d Lui aussi aimerait avoir un jour un atelier.<\/p>\n<hr class=\"wp-block-separator has-css-opacity\" \/>\n<h2 class=\"wp-block-heading\">DAY 5<\/h2>\n\n<p class=\"wp-block-paragraph\">Les deux corps se suivent. Mains jointes, les bras tournoient, et se tendent vers le plafond d\u2019un m\u00eame mouvement. Silencieux, nous observons Ken, un bandeau sur les yeux, se laisser guider par Maya sur un titre de Billie Eilish. L\u2019impertinent ne se raidit pas. Habituellement si fier, il s\u2019abandonne sous nos regards.<\/p>\n\n<figure class=\"wp-block-image\"><img decoding=\"async\" data-attachment-id=\"311\" data-permalink=\"https:\/\/limboassociation.com\/en\/_mg_5885\/\" data-orig-file=\"https:\/\/i0.wp.com\/limboassociation.com\/wp-content\/uploads\/2019\/04\/mg_5885-scaled.jpeg?fit=2560%2C1707&amp;ssl=1\" data-orig-size=\"2560,1707\" data-comments-opened=\"1\" data-image-meta=\"{&quot;aperture&quot;:&quot;2.8&quot;,&quot;credit&quot;:&quot;&quot;,&quot;camera&quot;:&quot;Canon EOS 5D Mark II&quot;,&quot;caption&quot;:&quot;&quot;,&quot;created_timestamp&quot;:&quot;1546429454&quot;,&quot;copyright&quot;:&quot;&quot;,&quot;focal_length&quot;:&quot;24&quot;,&quot;iso&quot;:&quot;1000&quot;,&quot;shutter_speed&quot;:&quot;0.016666666666667&quot;,&quot;title&quot;:&quot;&quot;,&quot;orientation&quot;:&quot;1&quot;}\" data-image-title=\"_MG_5885\" data-image-description=\"\" data-image-caption=\"\" data-large-file=\"https:\/\/i0.wp.com\/limboassociation.com\/wp-content\/uploads\/2019\/04\/mg_5885-scaled.jpeg?fit=1024%2C683&amp;ssl=1\" data-recalc-dims=\"1\" class=\"wp-image-311 lazyload\" data-src=\"https:\/\/i0.wp.com\/limboassociation.com\/wp-content\/uploads\/2019\/04\/mg_5885.jpeg?w=1170&#038;ssl=1\" alt=\"\" src=\"data:image\/svg+xml;base64,PHN2ZyB3aWR0aD0iMSIgaGVpZ2h0PSIxIiB4bWxucz0iaHR0cDovL3d3dy53My5vcmcvMjAwMC9zdmciPjwvc3ZnPg==\" \/>\n<figcaption class=\"wp-element-caption\"><em>Olga Kravets<\/em><\/figcaption>\n<\/figure>\n\n<p class=\"wp-block-paragraph\">R\u00e9partis en duo, nous choisissons le r\u00f4le du guide ou du guid\u00e9. C\u2019est un travail de confiance, qui peut rappeler ceux souvent abord\u00e9s en th\u00e9\u00e2tre d\u2019improvisation. Pour les jeunes, les filles notamment, c\u2019est une \u00e9tape difficile. Dans les bras de M\u00e9lanie, Halima la petite s\u0153ur oscille entre laisser-aller et rigidit\u00e9.<\/p>\n\n<p class=\"wp-block-paragraph\">Arrive ensuite un autre exercice. Un par un, nous interpr\u00e9tons notre humeur du jour en dansant au milieu d\u2019un cercle. Maya propose aux filles de le faire ensemble pour les rassurer. Sara la douce se l\u00e8ve, la t\u00eate baiss\u00e9e et le visage couvert de ses mains. Depuis le d\u00e9but du s\u00e9jour, elle semble enferm\u00e9e dans ses souvenirs. Quand les premi\u00e8res notes de \u00ab\u00a0Single Ladies\u00a0\u00bb s\u2019\u00e9l\u00e8vent, un sourire traverse son visage. Devant un public d\u00e9concert\u00e9, la diva se r\u00e9v\u00e8le. C\u2019est elle qui prend Halima par le bras, pour l\u2019encourager \u00e0 danser.<\/p>\n\n<figure class=\"wp-block-image\"><img decoding=\"async\" data-attachment-id=\"330\" data-permalink=\"https:\/\/limboassociation.com\/en\/_mg_6633\/\" data-orig-file=\"https:\/\/i0.wp.com\/limboassociation.com\/wp-content\/uploads\/2019\/04\/mg_6633-scaled.jpeg?fit=2560%2C1706&amp;ssl=1\" data-orig-size=\"2560,1706\" data-comments-opened=\"1\" data-image-meta=\"{&quot;aperture&quot;:&quot;2.8&quot;,&quot;credit&quot;:&quot;&quot;,&quot;camera&quot;:&quot;Canon EOS 5D Mark II&quot;,&quot;caption&quot;:&quot;&quot;,&quot;created_timestamp&quot;:&quot;1546516222&quot;,&quot;copyright&quot;:&quot;&quot;,&quot;focal_length&quot;:&quot;24&quot;,&quot;iso&quot;:&quot;250&quot;,&quot;shutter_speed&quot;:&quot;0.02&quot;,&quot;title&quot;:&quot;&quot;,&quot;orientation&quot;:&quot;1&quot;}\" data-image-title=\"_MG_6633\" data-image-description=\"\" data-image-caption=\"\" data-large-file=\"https:\/\/i0.wp.com\/limboassociation.com\/wp-content\/uploads\/2019\/04\/mg_6633-scaled.jpeg?fit=1024%2C683&amp;ssl=1\" data-recalc-dims=\"1\" class=\"wp-image-330 lazyload\" data-src=\"https:\/\/i0.wp.com\/limboassociation.com\/wp-content\/uploads\/2019\/04\/mg_6633.jpeg?w=1170&#038;ssl=1\" alt=\"\" src=\"data:image\/svg+xml;base64,PHN2ZyB3aWR0aD0iMSIgaGVpZ2h0PSIxIiB4bWxucz0iaHR0cDovL3d3dy53My5vcmcvMjAwMC9zdmciPjwvc3ZnPg==\" \/>\n<figcaption class=\"wp-element-caption\"><em>Olga Kravets<\/em><\/figcaption>\n<\/figure>\n\n<p class=\"wp-block-paragraph\">La Grange \u00e0 Palabres se trouve \u00e0 quelques pas de l\u2019abbaye. Christiane Lapeyre, sculptrice et graveuse, nous y accueille avec bienveillance. Entour\u00e9e par le petit groupe, \u00e0 l\u2019\u00e9troit dans l\u2019atelier, Christiane \u00e9tale ses couleurs sur une plaque grav\u00e9e, puis nous propose de tourner la roue de la presse. Les estampes sont accroch\u00e9es sur un fil au fur et \u00e0 mesure, chacun y allant de son petit commentaire. Sam pr\u00e9f\u00e8re le plus color\u00e9, Halima la derni\u00e8re version, avec des nuances plus estomp\u00e9es.<\/p>\n\n<figure class=\"wp-block-image\"><img decoding=\"async\" data-attachment-id=\"333\" data-permalink=\"https:\/\/limboassociation.com\/en\/_mg_6779\/\" data-orig-file=\"https:\/\/i0.wp.com\/limboassociation.com\/wp-content\/uploads\/2019\/04\/mg_6779-scaled.jpeg?fit=2560%2C1707&amp;ssl=1\" data-orig-size=\"2560,1707\" data-comments-opened=\"1\" data-image-meta=\"{&quot;aperture&quot;:&quot;4.5&quot;,&quot;credit&quot;:&quot;&quot;,&quot;camera&quot;:&quot;Canon EOS 5D Mark II&quot;,&quot;caption&quot;:&quot;&quot;,&quot;created_timestamp&quot;:&quot;1546528557&quot;,&quot;copyright&quot;:&quot;&quot;,&quot;focal_length&quot;:&quot;24&quot;,&quot;iso&quot;:&quot;800&quot;,&quot;shutter_speed&quot;:&quot;0.025&quot;,&quot;title&quot;:&quot;&quot;,&quot;orientation&quot;:&quot;1&quot;}\" data-image-title=\"_MG_6779\" data-image-description=\"\" data-image-caption=\"\" data-large-file=\"https:\/\/i0.wp.com\/limboassociation.com\/wp-content\/uploads\/2019\/04\/mg_6779-scaled.jpeg?fit=1024%2C683&amp;ssl=1\" data-recalc-dims=\"1\" class=\"wp-image-333 lazyload\" data-src=\"https:\/\/i0.wp.com\/limboassociation.com\/wp-content\/uploads\/2019\/04\/mg_6779.jpeg?w=1170&#038;ssl=1\" alt=\"\" src=\"data:image\/svg+xml;base64,PHN2ZyB3aWR0aD0iMSIgaGVpZ2h0PSIxIiB4bWxucz0iaHR0cDovL3d3dy53My5vcmcvMjAwMC9zdmciPjwvc3ZnPg==\" \/>\n<figcaption class=\"wp-element-caption\"><em>Olga Kravets<\/em><\/figcaption>\n<\/figure>\n\n<p class=\"wp-block-paragraph\">Gr\u00e2ce \u00e0 Antoine, hospitalier de l&rsquo;abbaye de Conques, nous nous rendons en minibus \u00e0 La Vaysse, une ville voisine. Nous sommes venus rencontrer un couple d&rsquo;artisans, Christel Lach\u00e9 et Jean-Pierre Caen. Les jeunes commencent l\u2019atelier \u201cwood and wool\u201d avec l\u2019artisan-tapissier et le sculpteur sur bois. Nous retournerons les voir le lendemain, o\u00f9 ils auront tout l\u2019apr\u00e8s-midi pour terminer les travaux qu\u2019ils ont commenc\u00e9.<\/p>\n<hr class=\"wp-block-separator has-css-opacity\" \/>\n<h2 class=\"wp-block-heading\">DAY 6<\/h2>\n\n<p class=\"wp-block-paragraph\">Le m\u00e9tier \u00e0 tisser occupe toute la pi\u00e8ce, fils et p\u00e9dales sont en place. Christel Lach\u00e9 a tout pr\u00e9par\u00e9 pour notre venue. Halima, Nadim et Sam s\u2019essayent cet apr\u00e8s-midi encore \u00e0 la tapisserie. \u201cC\u2019\u00e9tait le m\u00e9tier de mon grand-p\u00e8re au Soudan. J\u2019ai oubli\u00e9 comment faire mais je le regardais souvent travailler\u201d, se souvient Sam le Juste. Install\u00e9s c\u00f4te \u00e0 c\u00f4te, ils participent \u00e0 une tapisserie commune.<\/p>\n\n<figure class=\"wp-block-image\"><img decoding=\"async\" data-attachment-id=\"334\" data-permalink=\"https:\/\/limboassociation.com\/en\/_mg_6885\/\" data-orig-file=\"https:\/\/i0.wp.com\/limboassociation.com\/wp-content\/uploads\/2019\/04\/mg_6885-scaled.jpeg?fit=2560%2C1706&amp;ssl=1\" data-orig-size=\"2560,1706\" data-comments-opened=\"1\" data-image-meta=\"{&quot;aperture&quot;:&quot;9&quot;,&quot;credit&quot;:&quot;&quot;,&quot;camera&quot;:&quot;Canon EOS 5D Mark II&quot;,&quot;caption&quot;:&quot;&quot;,&quot;created_timestamp&quot;:&quot;1546536947&quot;,&quot;copyright&quot;:&quot;&quot;,&quot;focal_length&quot;:&quot;70&quot;,&quot;iso&quot;:&quot;400&quot;,&quot;shutter_speed&quot;:&quot;0.0125&quot;,&quot;title&quot;:&quot;&quot;,&quot;orientation&quot;:&quot;1&quot;}\" data-image-title=\"_MG_6885\" data-image-description=\"\" data-image-caption=\"\" data-large-file=\"https:\/\/i0.wp.com\/limboassociation.com\/wp-content\/uploads\/2019\/04\/mg_6885-scaled.jpeg?fit=1024%2C683&amp;ssl=1\" data-recalc-dims=\"1\" class=\"wp-image-334 lazyload\" data-src=\"https:\/\/i0.wp.com\/limboassociation.com\/wp-content\/uploads\/2019\/04\/mg_6885.jpeg?w=1170&#038;ssl=1\" alt=\"\" src=\"data:image\/svg+xml;base64,PHN2ZyB3aWR0aD0iMSIgaGVpZ2h0PSIxIiB4bWxucz0iaHR0cDovL3d3dy53My5vcmcvMjAwMC9zdmciPjwvc3ZnPg==\" \/>\n<figcaption class=\"wp-element-caption\">Olga Kravets<\/figcaption>\n<\/figure>\n\n<p class=\"wp-block-paragraph\">De l\u2019autre c\u00f4t\u00e9 de la maison, l\u2019atelier du mari, Jean-Pierre Caen. \u00c9troit, b\u00e2ti en pierre, il y fait plus froid et plus sombre. Emmitoufl\u00e9s dans leurs blousons, Sadiq, Ken et Sara travaillent \u00e0 la lumi\u00e8re du jour sur des cuill\u00e8res en bois qu\u2019ils ont dessin\u00e9es et qu\u2019ils sculptent eux-m\u00eames. Celle de Sadiq l\u2019Optimiste tombe et un morceau se brise\u2026 Elle finit en fourchette. Quant \u00e0 Sara la Douce, qui sculpte pour la premi\u00e8re fois, elle est tr\u00e8s concentr\u00e9e et nous surprend. Sa cuill\u00e8re en bois d\u00e9cor\u00e9e de roses est vraiment r\u00e9ussie.<\/p>\n\n<figure class=\"wp-block-image\"><img decoding=\"async\" data-attachment-id=\"339\" data-permalink=\"https:\/\/limboassociation.com\/en\/_mg_6965\/\" data-orig-file=\"https:\/\/i0.wp.com\/limboassociation.com\/wp-content\/uploads\/2019\/04\/mg_6965-scaled.jpeg?fit=2560%2C1707&amp;ssl=1\" data-orig-size=\"2560,1707\" data-comments-opened=\"1\" data-image-meta=\"{&quot;aperture&quot;:&quot;7.1&quot;,&quot;credit&quot;:&quot;&quot;,&quot;camera&quot;:&quot;Canon EOS 5D Mark II&quot;,&quot;caption&quot;:&quot;&quot;,&quot;created_timestamp&quot;:&quot;1546538273&quot;,&quot;copyright&quot;:&quot;&quot;,&quot;focal_length&quot;:&quot;24&quot;,&quot;iso&quot;:&quot;400&quot;,&quot;shutter_speed&quot;:&quot;0.002&quot;,&quot;title&quot;:&quot;&quot;,&quot;orientation&quot;:&quot;1&quot;}\" data-image-title=\"_MG_6965\" data-image-description=\"\" data-image-caption=\"\" data-large-file=\"https:\/\/i0.wp.com\/limboassociation.com\/wp-content\/uploads\/2019\/04\/mg_6965-scaled.jpeg?fit=1024%2C683&amp;ssl=1\" data-recalc-dims=\"1\" class=\"wp-image-339 lazyload\" data-src=\"https:\/\/i0.wp.com\/limboassociation.com\/wp-content\/uploads\/2019\/04\/mg_6965.jpeg?w=1170&#038;ssl=1\" alt=\"\" src=\"data:image\/svg+xml;base64,PHN2ZyB3aWR0aD0iMSIgaGVpZ2h0PSIxIiB4bWxucz0iaHR0cDovL3d3dy53My5vcmcvMjAwMC9zdmciPjwvc3ZnPg==\" \/>\n<figcaption class=\"wp-element-caption\"><em>Olga Kravets<\/em><\/figcaption>\n<\/figure>\n\n<p class=\"wp-block-paragraph\">Sur le mythique \u201cYeaaah man\u201d de Ken l\u2019Impertinent, nous laissons le couple pour le retrouver plus tard dans la soir\u00e9e, au d\u00eener que nous organisons dans la grange de l\u2019abbaye de Conques.<\/p>\n\n<p class=\"wp-block-paragraph\">Les fr\u00e8res et les habitants arrivent petit \u00e0 petit, et le d\u00eener permet \u00e0 tout le monde d\u2019\u00e9changer. Si certains nous ont confi\u00e9 qu\u2019il leur \u00e9tait p\u00e9nible que la fin du s\u00e9jour se rapproche, tous ont profit\u00e9 au maximum. D\u00e8s la fin du repas, nous nous installons par terre pour jouer tous ensemble avec les enfants de Yodith et Biede. Des parties tr\u00e9pidantes de Uno et de Jungle Speed se prolongent jusqu\u2019\u00e0 minuit. Nous nous disons au revoir, un pincement au coeur.<\/p>\n<hr class=\"wp-block-separator has-css-opacity\" \/>\n<h2 class=\"wp-block-heading\">DAY 7<\/h2>\n\n<p class=\"wp-block-paragraph\">Nous ne faisons qu\u2019un. Pendant cette derni\u00e8re matin\u00e9e d\u2019art-th\u00e9rapie, le sentiment est doux-amer. Maya nous a invit\u00e9s \u00e0 faire un exercice o\u00f9 nous ne devons former qu\u2019un bloc, et bouger en ch\u0153ur. Fr\u00e8re Pierre-Adrien, qui a enfin c\u00e9d\u00e9 \u00e0 nos invitations, se pr\u00eate au jeu et pose son front contre la nuque de Ken. Sa soutane blanche se d\u00e9tache dans la masse, les rires montent, mais tr\u00e8s vite, la concentration revient. Et ce corps hybride, aux multiples jambes et bras, semble traduire notre sensation, celle d\u2019\u00eatre, tous, profond\u00e9ment connect\u00e9s. \u00a0<\/p>\n\n<p class=\"wp-block-paragraph\">Les larmes coulent, sans retenue, sans pudeur non plus, sur les joues de Nadeem. L\u2019artiste ne trouve pas les mots, et pleure en silence, malgr\u00e9 un sourire qui persiste sur ses l\u00e8vres. Nous \u00e9changeons des regards, des mots, et une promesse\u00a0: celle de nous revoir, \u00e0 Conques ou ailleurs.<\/p>\n\n<figure class=\"wp-block-image\"><img decoding=\"async\" data-attachment-id=\"350\" data-permalink=\"https:\/\/limboassociation.com\/en\/img_1062\/\" data-orig-file=\"https:\/\/i0.wp.com\/limboassociation.com\/wp-content\/uploads\/2019\/04\/img_1062-scaled.jpeg?fit=2560%2C1920&amp;ssl=1\" data-orig-size=\"2560,1920\" data-comments-opened=\"1\" data-image-meta=\"{&quot;aperture&quot;:&quot;1.8&quot;,&quot;credit&quot;:&quot;&quot;,&quot;camera&quot;:&quot;iPhone 7 Plus&quot;,&quot;caption&quot;:&quot;&quot;,&quot;created_timestamp&quot;:&quot;1546689645&quot;,&quot;copyright&quot;:&quot;&quot;,&quot;focal_length&quot;:&quot;3.99&quot;,&quot;iso&quot;:&quot;80&quot;,&quot;shutter_speed&quot;:&quot;0.14285714285714&quot;,&quot;title&quot;:&quot;&quot;,&quot;orientation&quot;:&quot;1&quot;}\" data-image-title=\"IMG_1062\" data-image-description=\"\" data-image-caption=\"\" data-large-file=\"https:\/\/i0.wp.com\/limboassociation.com\/wp-content\/uploads\/2019\/04\/img_1062-scaled.jpeg?fit=1024%2C768&amp;ssl=1\" data-recalc-dims=\"1\" class=\"wp-image-350 lazyload\" data-src=\"https:\/\/i0.wp.com\/limboassociation.com\/wp-content\/uploads\/2019\/04\/img_1062.jpeg?w=1170&#038;ssl=1\" alt=\"\" src=\"data:image\/svg+xml;base64,PHN2ZyB3aWR0aD0iMSIgaGVpZ2h0PSIxIiB4bWxucz0iaHR0cDovL3d3dy53My5vcmcvMjAwMC9zdmciPjwvc3ZnPg==\" \/><\/figure>\n\n<p class=\"wp-block-paragraph\">Halima la petite s\u0153ur, qui chaque soir nous demandait combien de jours il restait avant la fin du s\u00e9jour, a accept\u00e9 la r\u00e9alit\u00e9, le retour dans un CADA breton o\u00f9 elle se sent si seule. Mais ce matin, elle semble avoir vol\u00e9 un peu du caract\u00e8re positif de Sadiq. Ses yeux rient quand elle nous prend dans ses bras, et pour la premi\u00e8re fois, son \u00e2ge v\u00e9ritable, 26 ans, transpara\u00eet. C\u2019est elle la grande s\u0153ur qui nous console \u00e0 pr\u00e9sent.<\/p>\n\n<p class=\"wp-block-paragraph\">L\u2019apr\u00e8s-midi oscille entre Terre et ciel. Nous admirons ainsi la cascade de Salle-la-source, avant d\u2019observer, la t\u00eate en arri\u00e8re \u2013et pour les plus fatigu\u00e9s, les yeux ferm\u00e9s\u2013 le ciel \u00e9toil\u00e9 du plan\u00e9tarium du Mus\u00e9e D\u00e9partemental.<\/p>\n\n<figure class=\"wp-block-image\"><img decoding=\"async\" data-attachment-id=\"353\" data-permalink=\"https:\/\/limboassociation.com\/en\/img_1119\/\" data-orig-file=\"https:\/\/i0.wp.com\/limboassociation.com\/wp-content\/uploads\/2019\/04\/img_1119-scaled.jpeg?fit=1920%2C2560&amp;ssl=1\" data-orig-size=\"1920,2560\" data-comments-opened=\"1\" data-image-meta=\"{&quot;aperture&quot;:&quot;1.8&quot;,&quot;credit&quot;:&quot;&quot;,&quot;camera&quot;:&quot;iPhone 7 Plus&quot;,&quot;caption&quot;:&quot;&quot;,&quot;created_timestamp&quot;:&quot;1546701728&quot;,&quot;copyright&quot;:&quot;&quot;,&quot;focal_length&quot;:&quot;3.99&quot;,&quot;iso&quot;:&quot;20&quot;,&quot;shutter_speed&quot;:&quot;0.00088809946714032&quot;,&quot;title&quot;:&quot;&quot;,&quot;orientation&quot;:&quot;1&quot;}\" data-image-title=\"IMG_1119\" data-image-description=\"\" data-image-caption=\"\" data-large-file=\"https:\/\/i0.wp.com\/limboassociation.com\/wp-content\/uploads\/2019\/04\/img_1119-scaled.jpeg?fit=768%2C1024&amp;ssl=1\" data-recalc-dims=\"1\" class=\"wp-image-353 lazyload\" data-src=\"https:\/\/i0.wp.com\/limboassociation.com\/wp-content\/uploads\/2019\/04\/img_1119.jpeg?w=1170&#038;ssl=1\" alt=\"\" src=\"data:image\/svg+xml;base64,PHN2ZyB3aWR0aD0iMSIgaGVpZ2h0PSIxIiB4bWxucz0iaHR0cDovL3d3dy53My5vcmcvMjAwMC9zdmciPjwvc3ZnPg==\" \/><\/figure>\n\n<p class=\"wp-block-paragraph\">La fin de la journ\u00e9e rime avec valises, au revoir et stress de derni\u00e8re minute avant de monter dans le train. Elle rime aussi avec embrassades, chants entonn\u00e9s \u00e0 tue-t\u00eate dans la voiture, et t\u00e9moignages.<\/p>\n\n<p class=\"wp-block-paragraph\">Celui de Halima, <em>\u00ab\u00a0avant l\u2019art-th\u00e9rapie, \u00e7a me faisait peur, la danse, tout \u00e7a. Maintenant, je me dis que j\u2019aurais aim\u00e9 que \u00e7a dure toujours\u00a0\u00bb. <\/em>Celui de Sadiq, <em>\u00ab\u00a0j\u2019ai ador\u00e9 la journ\u00e9e chez la famille. Les petites \u00e9taient si dr\u00f4les, et le caf\u00e9\u2026 c\u2019\u00e9tait le Soudan.\u00a0\u00bb<\/em> Celui de Nadeem, <em>\u00ab These were happy moments. I met people from different culture, and we made strong connexions. This place is good for the mind.\u00a0\u00bb\u00a0<\/em>Celui de Sara, qui comme toujours, se r\u00e9sume \u00e0 quelques bribes, \u00ab\u00a0<em>happy, dancing, walking, New Year\u00a0\u00bb. <\/em>Celui de Ken, qui semblait si ferm\u00e9 au d\u00e9but de la semaine, et devenu le plus prolixe, <em>\u00ab\u00a0People in Conques, the priests, everyone welcomed us with open hands. I appreciate you guys so much. I made lifetime experiences and memories here. Thank you to Limbo.\u00a0\u00bb \u00a0<\/em>Celui de Sam, enfin, le dernier mot peut-\u00eatre, \u00ab\u00a0<em>on \u00e9tait heureux ensemble. \u00bb<\/em> <\/p>\n\t\t\t\t\t\t\t\t<\/div>\n\t\t\t\t<\/div>\n\t\t\t\t\t<\/div>\n\t\t<\/div>\n\t\t\t\t\t<\/div>\n\t\t<\/section>\n\t\t\t\t<\/div>","protected":false},"excerpt":{"rendered":"<p>Les yeux sont encore pliss\u00e9s par la fatigue. Apr\u00e8s huit heures de trajet depuis Paris jusqu\u2019\u00e0 la gare de Saint-Christophe, nous d\u00e9barquons sur un quai sombre, o\u00f9 se d\u00e9tachent les robes blanches de deux fr\u00e8res de l\u2019Abbaye de Sainte-Foy, \u00e0 Conques (Aveyron). Nous, c\u2019est-\u00e0-dire deux accompagnatrices Limbo, et six jeunes. Rapidement, ils deviendront \u00e0 nos [&hellip;]<\/p>\n","protected":false},"author":156574116,"featured_media":488,"comment_status":"closed","ping_status":"open","sticky":false,"template":"","format":"standard","meta":{"_coblocks_attr":"","_coblocks_dimensions":"","_coblocks_responsive_height":"","_coblocks_accordion_ie_support":"","_eb_attr":"","advanced_seo_description":"","jetpack_seo_html_title":"","jetpack_seo_noindex":false,"jetpack_seo_schema_type":"","_jetpack_newsletter_access":"","_jetpack_dont_email_post_to_subs":false,"_jetpack_newsletter_tier_id":0,"_jetpack_memberships_contains_paywalled_content":false,"_wpcom_ai_launchpad_first_post":false,"_jetpack_feature_clip_id":0,"_jetpack_memberships_contains_paid_content":false,"footnotes":"","jetpack_publicize_message":"{title}\n\n{excerpt}\n\n{url}","jetpack_publicize_feature_enabled":true,"jetpack_social_post_already_shared":false,"jetpack_social_options":{"image_generator_settings":{"template":"highway","default_image_id":0,"font":"","enabled":false},"version":2},"_wpas_customize_per_network":false,"jetpack_post_was_ever_published":false},"categories":[679859037],"tags":[2153715,2150102,58992,693912641,92689700,1074954],"class_list":["post-593","post","type-post","status-publish","format-standard","has-post-thumbnail","hentry","category-les-sejours-a-conques","tag-art-therapie","tag-conques","tag-limbo","tag-limbo-association","tag-mediation-artistique","tag-sejour"],"jetpack_publicize_connections":[],"jetpack_likes_enabled":null,"jetpack_sharing_enabled":false,"jetpack_shortlink":"https:\/\/wp.me\/paVtbP-9z","amp_enabled":true,"jetpack_featured_media_url":"https:\/\/i0.wp.com\/limboassociation.com\/wp-content\/uploads\/2019\/04\/mg_7055-scaled.jpg?fit=2560%2C1713&ssl=1","_links":{"self":[{"href":"https:\/\/limboassociation.com\/en\/wp-json\/wp\/v2\/posts\/593","targetHints":{"allow":["GET"]}}],"collection":[{"href":"https:\/\/limboassociation.com\/en\/wp-json\/wp\/v2\/posts"}],"about":[{"href":"https:\/\/limboassociation.com\/en\/wp-json\/wp\/v2\/types\/post"}],"author":[{"embeddable":true,"href":"https:\/\/limboassociation.com\/en\/wp-json\/wp\/v2\/users\/156574116"}],"replies":[{"embeddable":true,"href":"https:\/\/limboassociation.com\/en\/wp-json\/wp\/v2\/comments?post=593"}],"version-history":[{"count":11,"href":"https:\/\/limboassociation.com\/en\/wp-json\/wp\/v2\/posts\/593\/revisions"}],"predecessor-version":[{"id":5993,"href":"https:\/\/limboassociation.com\/en\/wp-json\/wp\/v2\/posts\/593\/revisions\/5993"}],"wp:featuredmedia":[{"embeddable":true,"href":"https:\/\/limboassociation.com\/en\/wp-json\/wp\/v2\/media\/488"}],"wp:attachment":[{"href":"https:\/\/limboassociation.com\/en\/wp-json\/wp\/v2\/media?parent=593"}],"wp:term":[{"taxonomy":"category","embeddable":true,"href":"https:\/\/limboassociation.com\/en\/wp-json\/wp\/v2\/categories?post=593"},{"taxonomy":"post_tag","embeddable":true,"href":"https:\/\/limboassociation.com\/en\/wp-json\/wp\/v2\/tags?post=593"}],"curies":[{"name":"wp","href":"https:\/\/api.w.org\/{rel}","templated":true}]}}