{"id":7301,"date":"2023-07-10T14:47:51","date_gmt":"2023-07-10T13:47:51","guid":{"rendered":"https:\/\/limboassociation.com\/?p=7301"},"modified":"2023-12-21T12:25:26","modified_gmt":"2023-12-21T11:25:26","slug":"decembre-2022","status":"publish","type":"post","link":"https:\/\/limboassociation.com\/en\/2023\/07\/10\/decembre-2022\/","title":{"rendered":"D\u00e9cembre 2022"},"content":{"rendered":"<p class=\"wp-block-paragraph\"><strong>Entre d\u00e9cembre et janvier &#8211; L\u2019arriv\u00e9e \u00e0 Conques<\/strong> : En cette fin d\u2019ann\u00e9e 2022, Limbo a de nouveau accompagn\u00e9 dix jeunes pour un s\u00e9jour de r\u00e9silience dans le village de Conques. Sur le quai du d\u00e9part, six hommes et trois femmes se retrouvent pour le voyage. Venu.e.s de Guin\u00e9e, de Somalie, du Mali, du Congo Brazzaville, mais aussi du Niger, du Soudan et de la Turquie, tous.tes ne se connaissent pas encore ; pour beaucoup, c\u2019est m\u00eame la premi\u00e8re fois qu\u2019ils se rencontrent.<br>Apr\u00e8s un long voyage en train et une froide nuit de sommeil, le premier petit-d\u00e9jeuner dans l\u2019abbaye appara\u00eet en ce vendredi matin comme une belle occasion de faire connaissance. Le groupe est arriv\u00e9 tardivement la veille, mais une certaine bonne humeur se fait d\u00e9j\u00e0 sentir. La matin\u00e9e permet de poser un peu le cadre du s\u00e9jour, de pr\u00e9senter le programme de la semaine, sous l\u2019\u0153il attentif des jeunes, pour qui ce fonctionnement s\u2019av\u00e8re nouveau. Plusieurs expriment \u00eatre content.e.s d\u2019\u00eatre l\u00e0.<\/p>\n\n\n\n<p class=\"wp-block-paragraph\"><strong>A l\u2019\u00e9coute des corps, \u00e0 l\u2019\u00e9coute des \u00e2mes<\/strong> : Le premier atelier d\u2019art-th\u00e9rapie s\u2019amorce en douceur, dans la tranquillit\u00e9 : le groupe se pr\u00e9sente ; V\u00e9ronique, art-th\u00e9rapeute, ouvre la s\u00e9ance avec des activit\u00e9s autour des pr\u00e9noms de chacun.e. Quelques un.e.s semblent encore un peu renferm\u00e9s, parfois timides, et cette r\u00e9serve des d\u00e9buts doit prendre encore un peu de temps avant de s\u2019\u00e9clipser. N\u00e9anmoins, personne ne se tient \u00e0 l\u2019\u00e9cart, et quelques rires r\u00e9sonnent m\u00eame dans la salle. Les ateliers matinaux du samedi et du dimanche portent davantage sur la mise en mouvement du corps. Apr\u00e8s les \u00e9chauffements, tant\u00f4t, les participant.e.s sont invit\u00e9.e.s \u00e0 d\u00e9former les traits de leur visage pour produire des grimaces, tant\u00f4t il faut s\u2019improviser, l\u2019un.e apr\u00e8s l\u2019autre, leader pour impulser les gestes du reste du groupe. Petit \u00e0 petit, un espace de confiance se dessine, un espace qui, au passage de la nouvelle ann\u00e9e, autorise les corps \u00e0 se d\u00e9voiler un peu plus.<\/p>\n\n\n\n<figure class=\"wp-block-image\"><img data-recalc-dims=\"1\" fetchpriority=\"high\" decoding=\"async\" width=\"1170\" height=\"881\" data-attachment-id=\"7304\" data-permalink=\"https:\/\/limboassociation.com\/en\/2023\/07\/10\/decembre-2022\/image-8\/\" data-orig-file=\"https:\/\/i0.wp.com\/limboassociation.com\/wp-content\/uploads\/2023\/07\/image-8.jpeg?fit=1600%2C1205&amp;ssl=1\" data-orig-size=\"1600,1205\" data-comments-opened=\"0\" data-image-meta=\"{&quot;aperture&quot;:&quot;0&quot;,&quot;credit&quot;:&quot;&quot;,&quot;camera&quot;:&quot;&quot;,&quot;caption&quot;:&quot;&quot;,&quot;created_timestamp&quot;:&quot;0&quot;,&quot;copyright&quot;:&quot;&quot;,&quot;focal_length&quot;:&quot;0&quot;,&quot;iso&quot;:&quot;0&quot;,&quot;shutter_speed&quot;:&quot;0&quot;,&quot;title&quot;:&quot;&quot;,&quot;orientation&quot;:&quot;0&quot;}\" data-image-title=\"image-8\" data-image-description=\"\" data-image-caption=\"\" data-large-file=\"https:\/\/i0.wp.com\/limboassociation.com\/wp-content\/uploads\/2023\/07\/image-8.jpeg?fit=1024%2C771&amp;ssl=1\" src=\"https:\/\/i0.wp.com\/limboassociation.com\/wp-content\/uploads\/2023\/07\/image-8.jpeg?resize=1170%2C881&#038;ssl=1\" alt=\"\" class=\"wp-image-7304\" srcset=\"https:\/\/i0.wp.com\/limboassociation.com\/wp-content\/uploads\/2023\/07\/image-8.jpeg?w=1600&amp;ssl=1 1600w, https:\/\/i0.wp.com\/limboassociation.com\/wp-content\/uploads\/2023\/07\/image-8.jpeg?resize=300%2C226&amp;ssl=1 300w, https:\/\/i0.wp.com\/limboassociation.com\/wp-content\/uploads\/2023\/07\/image-8.jpeg?resize=1024%2C771&amp;ssl=1 1024w, https:\/\/i0.wp.com\/limboassociation.com\/wp-content\/uploads\/2023\/07\/image-8.jpeg?resize=768%2C578&amp;ssl=1 768w, https:\/\/i0.wp.com\/limboassociation.com\/wp-content\/uploads\/2023\/07\/image-8.jpeg?resize=1536%2C1157&amp;ssl=1 1536w, https:\/\/i0.wp.com\/limboassociation.com\/wp-content\/uploads\/2023\/07\/image-8.jpeg?resize=16%2C12&amp;ssl=1 16w, https:\/\/i0.wp.com\/limboassociation.com\/wp-content\/uploads\/2023\/07\/image-8.jpeg?resize=400%2C300&amp;ssl=1 400w, https:\/\/i0.wp.com\/limboassociation.com\/wp-content\/uploads\/2023\/07\/image-8.jpeg?resize=200%2C150&amp;ssl=1 200w, https:\/\/i0.wp.com\/limboassociation.com\/wp-content\/uploads\/2023\/07\/image-8.jpeg?resize=1200%2C904&amp;ssl=1 1200w, https:\/\/i0.wp.com\/limboassociation.com\/wp-content\/uploads\/2023\/07\/image-8.jpeg?resize=830%2C625&amp;ssl=1 830w, https:\/\/i0.wp.com\/limboassociation.com\/wp-content\/uploads\/2023\/07\/image-8.jpeg?resize=230%2C173&amp;ssl=1 230w, https:\/\/i0.wp.com\/limboassociation.com\/wp-content\/uploads\/2023\/07\/image-8.jpeg?resize=350%2C264&amp;ssl=1 350w, https:\/\/i0.wp.com\/limboassociation.com\/wp-content\/uploads\/2023\/07\/image-8.jpeg?resize=480%2C362&amp;ssl=1 480w\" sizes=\"(max-width: 1170px) 100vw, 1170px\" \/><\/figure>\n\n\n\n<p class=\"wp-block-paragraph\">Pour les deux derniers jours, V\u00e9ronique, art-th\u00e9rapeute, propose au collectif d\u2019aborder une activit\u00e9 manuelle et cr\u00e9ative : muni.e.s d\u2019un bloc d\u2019argile, il faut p\u00e9trir la terre au sol avec ses pieds nus, puis modeler, sculpter sa forme entre ses paumes, les yeux band\u00e9s, \u00e0 ressentir intimement les sensations qui s\u2019offrent \u00e0 soi du bout des doigts. La fatigue se fait sentir, l\u2019un des membres va se reposer. \u00c0 la fin de l\u2019atelier, chacun.e est invit\u00e9.e si il ou elle le souhaite, \u00e0 s\u2019adresser directement \u00e0 la boule de terre qu\u2019il ou elle a confectionn\u00e9. Il s\u2019agit d\u2019un moment tr\u00e8s fort, charg\u00e9 d\u2019\u00e9motions. Cet exercice avec l\u2019argile reprend le lendemain, pour le cinqui\u00e8me et dernier atelier du s\u00e9jour. Comme la veille, l\u2019un des participant.e.s se trouble et exprime qu\u2019il lui est trop difficile et co\u00fbteux de poser les pieds sur l\u2019argile. Il s\u2019\u00e9loigne mais reste dans la pi\u00e8ce ; une autre activit\u00e9 manuelle lui est propos\u00e9e. \u00c0 la fin de l\u2019atelier, le groupe l\u2019enjoint \u00e0 les retrouver, et il r\u00e9-int\u00e8gre ses camarades pour clore la s\u00e9ance, ensemble.<\/p>\n\n\n\n<p class=\"wp-block-paragraph\"><strong>Conques, un cadre ressour\u00e7ant, une pause pour respirer<\/strong> : Les balades dans le village et dans la nature constituent tout au long de la semaine des moments privil\u00e9gi\u00e9s pour les jeunes : malgr\u00e9 les basses temp\u00e9ratures, les marches au creux de la vall\u00e9e offrent une occasion de prendre l\u2019air, de se d\u00e9tacher des tracas habituels pour respirer. Cette mise en mouvement du corps est d\u2019ailleurs n\u00e9cessaire \u00e0 la mise en mouvement psychique, que les s\u00e9jours de r\u00e9silience et de reconstruction initient. En outre, ces temps de pause permettent d\u2019aboutir \u00e0 une coupure concr\u00e8te avec le quotidien des jeunes, d\u2019\u00e9chapper pleinement \u00e0 l\u2019agitation et aux pr\u00e9occupations parisiennes qui tourmentent bien trop souvent leurs esprits. La mise en mouvement psychique passe aussi par la mise en mouvement du corps, et permet d\u2019int\u00e9grer les \u00e9v\u00e8nements de la journ\u00e9e.<\/p>\n\n\n\n<p class=\"wp-block-paragraph\">Vendredi, le premier jour, le groupe, rejoint par deux hospitaliers, est conduit au cours d\u2019une excursion vers les hauteurs, o\u00f9 se d\u00e9ploie un point de vue presque spectaculaire sur le village aveyronnais. C\u2019est un moment de d\u00e9tente appr\u00e9ci\u00e9, et les jeunes prennent de nombreuses photos pour l\u2019immortaliser. Le cadre, fait de paysages de montagnes, calme et \u00e9minent, rappelle \u00e0 certain.e.s leur pays d\u2019origine et, avec lui, reviennent en m\u00e9moire des souvenirs agr\u00e9ables. Le lendemain, le beau temps nous permet de l\u2019appr\u00e9cier \u00e0 nouveau au cours d\u2019une promenade douce et joyeuse dans la nature, durant laquelle nous ramassons quelques v\u00e9g\u00e9taux &#8211; mousses, branchages, plantes &#8211; en vue de d\u00e9corer le r\u00e9fectoire pour la soir\u00e9e du Nouvel An.<br><strong>Rencontres et activit\u00e9s inattendues<\/strong><strong> :<\/strong> Des temps libres r\u00e9guliers tout au long de la semaine permettent \u00e0 chacun.e de se reposer ou se retrouver \u00e0 plusieurs. Une fois, apr\u00e8s le go\u00fbter, le groupe s\u2019\u00e9parpille en diverses activit\u00e9s : jeu de fl\u00e9chettes, dessin, cr\u00e9ation de bracelets br\u00e9siliens\u2026 Une autre fois, pendant qu\u2019une partie du groupe part faire les courses pour le repas de fin de s\u00e9jour, les autres en profitent pour d\u00e9ambuler tranquillement dans les all\u00e9es du village de Conques. Seuls, par paires, les jeunes se prennent en photo, se filment, s\u2019amusent et s\u2019enjoignent \u00e0 contempler les paysages. Un jour s\u2019organise une s\u00e9ance d\u2019A\u00efkido, profess\u00e9e par Yves, encadrant, et deux pratiquants d\u2019arts martiaux. Les jeunes se montrent impressionn\u00e9s par le hakama ample, tenue traditionnelle japonaise constitu\u00e9e d\u2019un large pantalon pliss\u00e9 noir. Pour cette session d\u2019une heure et demi dans la douceur, l\u2019accent est mis sur l\u2019apprentissage de techniques simples, non-violentes, avec un travail sur la non-r\u00e9sistance face au partenaire de combat. Malgr\u00e9 la fatigue, les participant.e.s se r\u00e9v\u00e8lent volontaires et concentr\u00e9.e.s tout au long du cours, et font un retour tr\u00e8s positif \u00e0 la fin de l\u2019activit\u00e9.<\/p>\n\n\n\n<figure class=\"wp-block-image\"><img data-recalc-dims=\"1\" decoding=\"async\" width=\"1170\" height=\"881\" data-attachment-id=\"7306\" data-permalink=\"https:\/\/limboassociation.com\/en\/2023\/07\/10\/decembre-2022\/image-10\/\" data-orig-file=\"https:\/\/i0.wp.com\/limboassociation.com\/wp-content\/uploads\/2023\/07\/image-10.jpeg?fit=1600%2C1205&amp;ssl=1\" data-orig-size=\"1600,1205\" data-comments-opened=\"0\" data-image-meta=\"{&quot;aperture&quot;:&quot;0&quot;,&quot;credit&quot;:&quot;&quot;,&quot;camera&quot;:&quot;&quot;,&quot;caption&quot;:&quot;&quot;,&quot;created_timestamp&quot;:&quot;0&quot;,&quot;copyright&quot;:&quot;&quot;,&quot;focal_length&quot;:&quot;0&quot;,&quot;iso&quot;:&quot;0&quot;,&quot;shutter_speed&quot;:&quot;0&quot;,&quot;title&quot;:&quot;&quot;,&quot;orientation&quot;:&quot;0&quot;}\" data-image-title=\"image-10\" data-image-description=\"\" data-image-caption=\"\" data-large-file=\"https:\/\/i0.wp.com\/limboassociation.com\/wp-content\/uploads\/2023\/07\/image-10.jpeg?fit=1024%2C771&amp;ssl=1\" data-src=\"https:\/\/i0.wp.com\/limboassociation.com\/wp-content\/uploads\/2023\/07\/image-10.jpeg?resize=1170%2C881&#038;ssl=1\" alt=\"\" class=\"wp-image-7306 lazyload\" data-srcset=\"https:\/\/i0.wp.com\/limboassociation.com\/wp-content\/uploads\/2023\/07\/image-10.jpeg?w=1600&amp;ssl=1 1600w, https:\/\/i0.wp.com\/limboassociation.com\/wp-content\/uploads\/2023\/07\/image-10.jpeg?resize=300%2C226&amp;ssl=1 300w, https:\/\/i0.wp.com\/limboassociation.com\/wp-content\/uploads\/2023\/07\/image-10.jpeg?resize=1024%2C771&amp;ssl=1 1024w, https:\/\/i0.wp.com\/limboassociation.com\/wp-content\/uploads\/2023\/07\/image-10.jpeg?resize=768%2C578&amp;ssl=1 768w, https:\/\/i0.wp.com\/limboassociation.com\/wp-content\/uploads\/2023\/07\/image-10.jpeg?resize=1536%2C1157&amp;ssl=1 1536w, https:\/\/i0.wp.com\/limboassociation.com\/wp-content\/uploads\/2023\/07\/image-10.jpeg?resize=16%2C12&amp;ssl=1 16w, https:\/\/i0.wp.com\/limboassociation.com\/wp-content\/uploads\/2023\/07\/image-10.jpeg?resize=400%2C300&amp;ssl=1 400w, https:\/\/i0.wp.com\/limboassociation.com\/wp-content\/uploads\/2023\/07\/image-10.jpeg?resize=200%2C150&amp;ssl=1 200w, https:\/\/i0.wp.com\/limboassociation.com\/wp-content\/uploads\/2023\/07\/image-10.jpeg?resize=1200%2C904&amp;ssl=1 1200w, https:\/\/i0.wp.com\/limboassociation.com\/wp-content\/uploads\/2023\/07\/image-10.jpeg?resize=830%2C625&amp;ssl=1 830w, https:\/\/i0.wp.com\/limboassociation.com\/wp-content\/uploads\/2023\/07\/image-10.jpeg?resize=230%2C173&amp;ssl=1 230w, https:\/\/i0.wp.com\/limboassociation.com\/wp-content\/uploads\/2023\/07\/image-10.jpeg?resize=350%2C264&amp;ssl=1 350w, https:\/\/i0.wp.com\/limboassociation.com\/wp-content\/uploads\/2023\/07\/image-10.jpeg?resize=480%2C362&amp;ssl=1 480w\" data-sizes=\"(max-width: 1170px) 100vw, 1170px\" src=\"data:image\/svg+xml;base64,PHN2ZyB3aWR0aD0iMSIgaGVpZ2h0PSIxIiB4bWxucz0iaHR0cDovL3d3dy53My5vcmcvMjAwMC9zdmciPjwvc3ZnPg==\" style=\"--smush-placeholder-width: 1170px; --smush-placeholder-aspect-ratio: 1170\/881;\" \/><\/figure>\n\n\n\n<p class=\"wp-block-paragraph\">Autre activit\u00e9 phare de ce s\u00e9jour : la visite de musiciens professionnels aux jeunes, pour un atelier partag\u00e9 autour de la musique. Par\u00e9.e.s de djemb\u00e9s, tous.tes les membres du groupe sont invit\u00e9.e.s \u00e0 faire joyeusement r\u00e9sonner dans l\u2019air les pulsations de leur instrument. Certain.e.s racontent qu\u2019en Afrique, dans leur pays d\u2019origine, le jeu de percussions est un privil\u00e8ge r\u00e9serv\u00e9 \u00e0 des personnes bien pr\u00e9cises. Il s\u2019agit d\u2019une exp\u00e9rience d\u2019\u00e9changes transculturelle int\u00e9ressante, plac\u00e9e sous le signe d\u2019un enthousiasme sinc\u00e8re et r\u00e9confortant.<br><strong>Les repas, un temps de convivialit\u00e9 retrouv\u00e9<\/strong> :<br>\u00c0 mesure que les jours d\u00e9filent, nous voyons na\u00eetre une v\u00e9ritable complicit\u00e9 dans le groupe. Les repas sont pris ensemble, dans une salle commune de l\u2019abbaye, et sont souvent des temps de m\u00e9langes et de rencontres, qui donnent lieu \u00e0 des discussions riches, sinc\u00e8res, et parfois m\u00eame gratifiantes. Le d\u00eener du Nouvel An, repas de festin, se d\u00e9roule dans une atmosph\u00e8re d\u00e9tendue, o\u00f9 les \u00e9changes avec les hospitaliers, les fr\u00e8res et les voyageurs sont fluides, riches d\u2019\u00e9changes et de complicit\u00e9. Ces temps de repas deviennent d\u00e8s lors des moments privil\u00e9gi\u00e9s pour l\u2019\u00e9change, parfois m\u00eame avec une certaine intimit\u00e9 pour se livrer. Un matin, l\u2019un des jeunes trouve la force de se confier sur son exil et son parcours brutal, et t\u00e9moigne de son sentiment de solitude \u00e0 l\u2019arriv\u00e9e en France.<br>Cette connivence grandit chaque jour et s\u2019affirme particuli\u00e8rement le dernier soir. En effet, Limbo a pris l\u2019habitude lors des s\u00e9jours de proposer aux jeunes de pr\u00e9parer un d\u00eener collectif \u00e0 l\u2019occasion du dernier jour. Ainsi, le groupe accueille les invit\u00e9s avec un ap\u00e9ritif pr\u00e9par\u00e9 par ses soins : gingembre, citron et jus d\u2019ananas se mettent \u00e0 l\u2019honneur. Les plats cuisin\u00e9s par les jeunes sont pr\u00e9sent\u00e9s, et chacun.e va se servir dans une ambiance apais\u00e9e. Apr\u00e8s le repas, les jeunes vaquent \u00e0 diff\u00e9rentes activit\u00e9s. En cette derni\u00e8re douce soir\u00e9e au village, certain.e.s sortent pour une derni\u00e8re fl\u00e2nerie dans le bourg.<\/p>\n\n\n\n<p class=\"wp-block-paragraph\"><strong>Quels retours pour le s\u00e9jour de d\u00e9cembre ?<\/strong> Le s\u00e9jour touche \u00e0 sa fin et l&rsquo;\u00e9motion se fait ressentir. \u00ab Je voudrais que \u00e7a continue toujours comme \u00e7a, c&rsquo;est dur de se s\u00e9parer \u00bb, admet un peu douloureusement l\u2019une des voix dans le cercle. Au moment de s\u2019exprimer sur leur exp\u00e9rience de la semaine, les jeunes disent avoir trouv\u00e9 un espace de confiance et de soutien. Certain.e.s d\u2019entre eux ont beaucoup chang\u00e9 pendant la semaine, se sont ouvert.e.s aux autres et \u00e0 leurs propres sentiments : \u00ab Je n&rsquo;avais jamais v\u00e9cu \u00e7a avant, ce sont les plus belles vacances de ma vie \u00bb, l\u2019un.e des membres du groupe.&nbsp;<\/p>\n\n\n\n<figure class=\"wp-block-image\"><img data-recalc-dims=\"1\" decoding=\"async\" width=\"1170\" height=\"878\" data-attachment-id=\"7303\" data-permalink=\"https:\/\/limboassociation.com\/en\/2023\/07\/10\/decembre-2022\/image-7\/\" data-orig-file=\"https:\/\/i0.wp.com\/limboassociation.com\/wp-content\/uploads\/2023\/07\/image-7.jpeg?fit=1600%2C1200&amp;ssl=1\" data-orig-size=\"1600,1200\" data-comments-opened=\"0\" data-image-meta=\"{&quot;aperture&quot;:&quot;0&quot;,&quot;credit&quot;:&quot;&quot;,&quot;camera&quot;:&quot;&quot;,&quot;caption&quot;:&quot;&quot;,&quot;created_timestamp&quot;:&quot;0&quot;,&quot;copyright&quot;:&quot;&quot;,&quot;focal_length&quot;:&quot;0&quot;,&quot;iso&quot;:&quot;0&quot;,&quot;shutter_speed&quot;:&quot;0&quot;,&quot;title&quot;:&quot;&quot;,&quot;orientation&quot;:&quot;0&quot;}\" data-image-title=\"image-7\" data-image-description=\"\" data-image-caption=\"\" data-large-file=\"https:\/\/i0.wp.com\/limboassociation.com\/wp-content\/uploads\/2023\/07\/image-7.jpeg?fit=1024%2C768&amp;ssl=1\" data-src=\"https:\/\/i0.wp.com\/limboassociation.com\/wp-content\/uploads\/2023\/07\/image-7.jpeg?resize=1170%2C878&#038;ssl=1\" alt=\"\" class=\"wp-image-7303 lazyload\" data-srcset=\"https:\/\/i0.wp.com\/limboassociation.com\/wp-content\/uploads\/2023\/07\/image-7.jpeg?w=1600&amp;ssl=1 1600w, https:\/\/i0.wp.com\/limboassociation.com\/wp-content\/uploads\/2023\/07\/image-7.jpeg?resize=300%2C225&amp;ssl=1 300w, https:\/\/i0.wp.com\/limboassociation.com\/wp-content\/uploads\/2023\/07\/image-7.jpeg?resize=1024%2C768&amp;ssl=1 1024w, https:\/\/i0.wp.com\/limboassociation.com\/wp-content\/uploads\/2023\/07\/image-7.jpeg?resize=768%2C576&amp;ssl=1 768w, https:\/\/i0.wp.com\/limboassociation.com\/wp-content\/uploads\/2023\/07\/image-7.jpeg?resize=1536%2C1152&amp;ssl=1 1536w, https:\/\/i0.wp.com\/limboassociation.com\/wp-content\/uploads\/2023\/07\/image-7.jpeg?resize=16%2C12&amp;ssl=1 16w, https:\/\/i0.wp.com\/limboassociation.com\/wp-content\/uploads\/2023\/07\/image-7.jpeg?resize=1200%2C900&amp;ssl=1 1200w, https:\/\/i0.wp.com\/limboassociation.com\/wp-content\/uploads\/2023\/07\/image-7.jpeg?resize=800%2C600&amp;ssl=1 800w, https:\/\/i0.wp.com\/limboassociation.com\/wp-content\/uploads\/2023\/07\/image-7.jpeg?resize=400%2C300&amp;ssl=1 400w, https:\/\/i0.wp.com\/limboassociation.com\/wp-content\/uploads\/2023\/07\/image-7.jpeg?resize=200%2C150&amp;ssl=1 200w, https:\/\/i0.wp.com\/limboassociation.com\/wp-content\/uploads\/2023\/07\/image-7.jpeg?resize=830%2C623&amp;ssl=1 830w, https:\/\/i0.wp.com\/limboassociation.com\/wp-content\/uploads\/2023\/07\/image-7.jpeg?resize=230%2C173&amp;ssl=1 230w, https:\/\/i0.wp.com\/limboassociation.com\/wp-content\/uploads\/2023\/07\/image-7.jpeg?resize=350%2C263&amp;ssl=1 350w, https:\/\/i0.wp.com\/limboassociation.com\/wp-content\/uploads\/2023\/07\/image-7.jpeg?resize=480%2C360&amp;ssl=1 480w\" data-sizes=\"(max-width: 1170px) 100vw, 1170px\" src=\"data:image\/svg+xml;base64,PHN2ZyB3aWR0aD0iMSIgaGVpZ2h0PSIxIiB4bWxucz0iaHR0cDovL3d3dy53My5vcmcvMjAwMC9zdmciPjwvc3ZnPg==\" style=\"--smush-placeholder-width: 1170px; --smush-placeholder-aspect-ratio: 1170\/878;\" \/><\/figure>\n\n\n\n<p class=\"wp-block-paragraph\">Ces moments ont constitu\u00e9 une v\u00e9ritable coupure avec le monde qu\u2019ils et elles connaissent. Le s\u00e9jour a \u00e9t\u00e9 ressenti avec \u00e9tonnement, comme un moment inattendu, presque inesp\u00e9r\u00e9 : \u00ab Je croyais pas que \u00e7a pouvait exister des choses pareilles \u00bb, d\u00e9clare l\u2019un.e des jeunes. Mais cela reste une bonne surprise, et souvent m\u00eame un soulagement : \u00ab Ici, on prend soin de nous, on nous demande si on a bien dormi, si on va bien \u00bb, affirme un.e autre, qui poursuit \u00ab ici, \u00e0 Conques, on n&rsquo;est oblig\u00e9 de rien, on est libre \u00bb.<br>Pour beaucoup, le s\u00e9jour a permis de se sentir consid\u00e9r\u00e9.e.s, compris.e.s, de prendre leurs marques au sein du collectif : \u00ab Avant de venir ici, je n&rsquo;avais pas ma place, je n&rsquo;avais de place nulle part. Maintenant, j&rsquo;ai retrouv\u00e9 mon moi \u00bb. Apr\u00e8s cette semaine si sp\u00e9ciale pass\u00e9e ensemble, certain.e.s tiennent \u00e0 manifester leur gratitude \u00e0 l\u2019\u00e9gard de celles et ceux qui sont devenu.e.s comme une part de leur famille. Les \u00e9changes, les discussions, les moments de partage leur ont permis d\u2019apprendre \u00e0 se conna\u00eetre, se d\u00e9couvrir, se reconna\u00eetre. Parfois, ces liens qui se sont cr\u00e9\u00e9s ici forment les d\u00e9buts de plusieurs amiti\u00e9s \u00e9troites, solides et durables. Le sentiment de tristesse est largement partag\u00e9, mais chacun.e essaie de se rappeler les bons moments, en esp\u00e9rant pouvoir continuer de faire vivre dans la m\u00e9moire tous ces \u00e9clats de rire, ces soir\u00e9es de jeux et d\u2019\u00e9changes, ces d\u00e9couvertes, l\u2019esprit de camaraderie, et ces rencontres heureuses.<\/p>\n\n\n\n<p class=\"wp-block-paragraph\">En cette fin d\u2019ann\u00e9e, les jeunes ont investi le Cahier Limbo qui leur \u00e9tait mis \u00e0 disposition. Les pages vierges se sont emplies de messages et de couleurs. En les feuilletant, certains mots ressortent intens\u00e9ment :<br>\u00ab Les moments les plus magiques de ma vie \u00bb\u00ab J\u2019ai pass\u00e9 des moments forts, tr\u00e8s forts. Je suis arriv\u00e9e \u00e0 Conques comme un bourgeon. Il n\u2019y a pas de mot pour dire ce que j\u2019ai v\u00e9cu avec tout le groupe. Pour faire simple, je pense que je ressens la m\u00eame chose qu\u2019une fleur : j\u2019ai juste eu le temps d\u2019\u00e9clore, \u00eatre ou se sentir vivante, juste un court instant, puis fan\u00e9e et tomb\u00e9e \u00bb.\u00ab Merci de tout c\u0153ur dans mon for int\u00e9rieur ! \u00bbS\u2019adresse aux encadrant.e.s : \u00ab Vous \u00eates inoubliables \u00bbS\u2019adresse \u00e0 ses camarades \u00ab vous \u00eates mes fr\u00e8res et s\u0153urs \u00bb.\u00ab On ne se conna\u00eet pas en arrivant et au bout de quelques jours, on est comme une famille \u00bb\u00ab J\u2019ai appris quelque chose de chacun d&rsquo;entre vous \u00bb\u00ab J\u2019ai trouv\u00e9 un fr\u00e8re, une s\u0153ur, un p\u00e8re\u2026 \u00bb.\u00ab Je me sens en famille, plus que je ne l&rsquo;ai jamais \u00e9t\u00e9 dans ma propre famille \u00bb<\/p>","protected":false},"excerpt":{"rendered":"<p>Entre d\u00e9cembre et janvier &#8211; L\u2019arriv\u00e9e \u00e0 Conques : En cette fin d\u2019ann\u00e9e 2022, Limbo a de nouveau accompagn\u00e9 dix jeunes pour un s\u00e9jour de r\u00e9silience dans le village de Conques. Sur le quai du d\u00e9part, six hommes et trois femmes se retrouvent pour le voyage. Venu.e.s de Guin\u00e9e, de Somalie, du Mali, du Congo [&hellip;]<\/p>\n","protected":false},"author":156574116,"featured_media":0,"comment_status":"closed","ping_status":"open","sticky":false,"template":"","format":"standard","meta":{"_coblocks_attr":"","_coblocks_dimensions":"","_coblocks_responsive_height":"","_coblocks_accordion_ie_support":"","_eb_attr":"","advanced_seo_description":"","jetpack_seo_html_title":"","jetpack_seo_noindex":false,"jetpack_seo_schema_type":"","_jetpack_newsletter_access":"","_jetpack_dont_email_post_to_subs":false,"_jetpack_newsletter_tier_id":0,"_jetpack_memberships_contains_paywalled_content":false,"_wpcom_ai_launchpad_first_post":false,"_jetpack_feature_clip_id":0,"_jetpack_memberships_contains_paid_content":false,"footnotes":"","jetpack_publicize_message":"{title}\n\n{excerpt}\n\n{url}","jetpack_publicize_feature_enabled":true,"jetpack_social_post_already_shared":true,"jetpack_social_options":{"image_generator_settings":{"template":"highway","default_image_id":0,"font":"","enabled":false},"version":2},"_wpas_customize_per_network":false,"jetpack_post_was_ever_published":false},"categories":[679859037],"tags":[2153715,2150102,58992],"class_list":["post-7301","post","type-post","status-publish","format-standard","hentry","category-les-sejours-a-conques","tag-art-therapie","tag-conques","tag-limbo"],"jetpack_publicize_connections":[],"jetpack_likes_enabled":true,"jetpack_sharing_enabled":true,"jetpack_shortlink":"https:\/\/wp.me\/paVtbP-1TL","amp_enabled":true,"jetpack_featured_media_url":"","_links":{"self":[{"href":"https:\/\/limboassociation.com\/en\/wp-json\/wp\/v2\/posts\/7301","targetHints":{"allow":["GET"]}}],"collection":[{"href":"https:\/\/limboassociation.com\/en\/wp-json\/wp\/v2\/posts"}],"about":[{"href":"https:\/\/limboassociation.com\/en\/wp-json\/wp\/v2\/types\/post"}],"author":[{"embeddable":true,"href":"https:\/\/limboassociation.com\/en\/wp-json\/wp\/v2\/users\/156574116"}],"replies":[{"embeddable":true,"href":"https:\/\/limboassociation.com\/en\/wp-json\/wp\/v2\/comments?post=7301"}],"version-history":[{"count":3,"href":"https:\/\/limboassociation.com\/en\/wp-json\/wp\/v2\/posts\/7301\/revisions"}],"predecessor-version":[{"id":7974,"href":"https:\/\/limboassociation.com\/en\/wp-json\/wp\/v2\/posts\/7301\/revisions\/7974"}],"wp:attachment":[{"href":"https:\/\/limboassociation.com\/en\/wp-json\/wp\/v2\/media?parent=7301"}],"wp:term":[{"taxonomy":"category","embeddable":true,"href":"https:\/\/limboassociation.com\/en\/wp-json\/wp\/v2\/categories?post=7301"},{"taxonomy":"post_tag","embeddable":true,"href":"https:\/\/limboassociation.com\/en\/wp-json\/wp\/v2\/tags?post=7301"}],"curies":[{"name":"wp","href":"https:\/\/api.w.org\/{rel}","templated":true}]}}