{"id":882,"date":"2019-09-01T11:40:13","date_gmt":"2019-09-01T10:40:13","guid":{"rendered":"https:\/\/limboassociation.com\/?p=882"},"modified":"2020-04-08T18:09:53","modified_gmt":"2020-04-08T17:09:53","slug":"palerme-mediterranea-la-revolte-de-litalie-du-coeur","status":"publish","type":"post","link":"https:\/\/limboassociation.com\/en\/2019\/09\/01\/palerme-mediterranea-la-revolte-de-litalie-du-coeur\/","title":{"rendered":"2\/ Palermo, \"Mediterranean: the hearts of Italy are mobilising\""},"content":{"rendered":"<h4 class=\"wp-block-heading\">\u00ab\u00a0Carnets de route en M\u00e9diterran\u00e9e\u00a0\u00bb <\/h4>\n\n\n\n<h5 class=\"wp-block-heading\">Une s\u00e9rie de reportages LIMBO autour du bassin m\u00e9diterran\u00e9en pour faire le point sur la situation des migrants \u00e0 l&rsquo;heure o\u00f9 les autorit\u00e9s essaient d&rsquo;effacer le probl\u00e8me. Notre reporter est all\u00e9 de Palerme \u00e0 Catane, de Lampedusa \u00e0 Tunis, pour faire le bilan des d\u00e9parts, des naufrages, de l&rsquo;action des ONG et des gouvernements dans la r\u00e9gion.<\/h5>\n\n\n\n<figure class=\"wp-block-image size-large\"><img data-recalc-dims=\"1\" fetchpriority=\"high\" decoding=\"async\" width=\"300\" height=\"168\" data-attachment-id=\"896\" data-permalink=\"https:\/\/limboassociation.com\/en\/mediterranea-1\/\" data-orig-file=\"https:\/\/i0.wp.com\/limboassociation.com\/wp-content\/uploads\/2019\/07\/mediterranea-1.jpg?fit=300%2C168&amp;ssl=1\" data-orig-size=\"300,168\" data-comments-opened=\"0\" data-image-meta=\"{&quot;aperture&quot;:&quot;0&quot;,&quot;credit&quot;:&quot;&quot;,&quot;camera&quot;:&quot;&quot;,&quot;caption&quot;:&quot;&quot;,&quot;created_timestamp&quot;:&quot;0&quot;,&quot;copyright&quot;:&quot;&quot;,&quot;focal_length&quot;:&quot;0&quot;,&quot;iso&quot;:&quot;0&quot;,&quot;shutter_speed&quot;:&quot;0&quot;,&quot;title&quot;:&quot;&quot;,&quot;orientation&quot;:&quot;0&quot;}\" data-image-title=\"mediterranea-1\" data-image-description=\"\" data-image-caption=\"\" data-large-file=\"https:\/\/i0.wp.com\/limboassociation.com\/wp-content\/uploads\/2019\/07\/mediterranea-1.jpg?fit=300%2C168&amp;ssl=1\" src=\"https:\/\/i0.wp.com\/limboassociation.com\/wp-content\/uploads\/2019\/07\/mediterranea-1.jpg?resize=300%2C168&#038;ssl=1\" alt=\"\" class=\"wp-image-896\" srcset=\"https:\/\/i0.wp.com\/limboassociation.com\/wp-content\/uploads\/2019\/07\/mediterranea-1.jpg?w=300&amp;ssl=1 300w, https:\/\/i0.wp.com\/limboassociation.com\/wp-content\/uploads\/2019\/07\/mediterranea-1.jpg?resize=16%2C9&amp;ssl=1 16w, https:\/\/i0.wp.com\/limboassociation.com\/wp-content\/uploads\/2019\/07\/mediterranea-1.jpg?resize=230%2C129&amp;ssl=1 230w\" sizes=\"(max-width: 300px) 100vw, 300px\" \/><\/figure>\n\n\n\n<p class=\"wp-block-paragraph\">Elle est en col\u00e8re, Alessandra Sciurba, porte-parole du bateau de secours de l\u2019association \u00ab Mediterranea \u00bb install\u00e9e \u00e0 Palerme, capitale de la Sicile. Et cette col\u00e8re, profonde et partag\u00e9e par tous les membres de l\u2019\u00e9quipe, dure depuis plus d\u2019un an. Ils \u00e9taient une soixantaine au d\u00e9part, des citoyens de la soci\u00e9t\u00e9 civile, effar\u00e9s par ce qu\u2019ils voyaient sur la mer et entendaient dans l\u2019opinion publique.<\/p>\n\n\n\n<p class=\"wp-block-paragraph\"><em>\u00ab D\u2019abord, l\u2019indignation \u00bb<\/em>, dit Alessandra, quand tous les bateaux de secours en mer des ONG ont \u00e9t\u00e9 bloqu\u00e9s \u00e0 quai par des enqu\u00eates qui n\u2019ont jamais abouti, mais ont permis au gouvernement d\u2019emp\u00eacher les secours.<em> \u00ab On savait que tous les jours, des \u00eatres humains se noyaient et personne ne pouvait rien faire\u2026\u00c0 devenir fous ! \u00bb<\/em><\/p>\n\n\n\n<p class=\"wp-block-paragraph\">Et aussi l\u2019impossible r\u00e9signation \u00e0 cette impuissance. Il fallait aller sur le terrain pour ne pas accepter que l\u2019histoire soit \u00e9crite par le pouvoir d\u2019extr\u00eame-droite de la Ligue de Matteo Salvini.<\/p>\n\n\n\n<figure class=\"wp-block-image size-large\"><img data-recalc-dims=\"1\" decoding=\"async\" width=\"300\" height=\"168\" data-attachment-id=\"895\" data-permalink=\"https:\/\/limboassociation.com\/en\/palerme\/\" data-orig-file=\"https:\/\/i0.wp.com\/limboassociation.com\/wp-content\/uploads\/2019\/07\/palerme.jpg?fit=300%2C168&amp;ssl=1\" data-orig-size=\"300,168\" data-comments-opened=\"0\" data-image-meta=\"{&quot;aperture&quot;:&quot;0&quot;,&quot;credit&quot;:&quot;&quot;,&quot;camera&quot;:&quot;&quot;,&quot;caption&quot;:&quot;&quot;,&quot;created_timestamp&quot;:&quot;0&quot;,&quot;copyright&quot;:&quot;&quot;,&quot;focal_length&quot;:&quot;0&quot;,&quot;iso&quot;:&quot;0&quot;,&quot;shutter_speed&quot;:&quot;0&quot;,&quot;title&quot;:&quot;&quot;,&quot;orientation&quot;:&quot;0&quot;}\" data-image-title=\"palerme\" data-image-description=\"\" data-image-caption=\"\" data-large-file=\"https:\/\/i0.wp.com\/limboassociation.com\/wp-content\/uploads\/2019\/07\/palerme.jpg?fit=300%2C168&amp;ssl=1\" data-src=\"https:\/\/i0.wp.com\/limboassociation.com\/wp-content\/uploads\/2019\/07\/palerme.jpg?resize=300%2C168&#038;ssl=1\" alt=\"\" class=\"wp-image-895 lazyload\" data-srcset=\"https:\/\/i0.wp.com\/limboassociation.com\/wp-content\/uploads\/2019\/07\/palerme.jpg?w=300&amp;ssl=1 300w, https:\/\/i0.wp.com\/limboassociation.com\/wp-content\/uploads\/2019\/07\/palerme.jpg?resize=16%2C9&amp;ssl=1 16w, https:\/\/i0.wp.com\/limboassociation.com\/wp-content\/uploads\/2019\/07\/palerme.jpg?resize=230%2C129&amp;ssl=1 230w\" data-sizes=\"(max-width: 300px) 100vw, 300px\" src=\"data:image\/svg+xml;base64,PHN2ZyB3aWR0aD0iMSIgaGVpZ2h0PSIxIiB4bWxucz0iaHR0cDovL3d3dy53My5vcmcvMjAwMC9zdmciPjwvc3ZnPg==\" style=\"--smush-placeholder-width: 300px; --smush-placeholder-aspect-ratio: 300\/168;\" \/><\/figure>\n\n\n\n<p class=\"wp-block-paragraph\">Et enfin, la peur : <em>\u00ab Peur de ce que nous devenions. De ces gens qui \u00e9crivaient sur les r\u00e9seaux sociaux leur joie de ne plus voir des migrants arriver, c\u2019est-\u00e0-dire se noyer ! \u00bb<\/em> Oui, il fallait lutter contre cette \u00ab hypnose collective \u00bb qui voulait croire que Le probl\u00e8me de l\u2019Italie \u00e9tait les migrants. Et ces politiques qui pr\u00f4nent la haine de l\u2019autre et la fermeture des fronti\u00e8res aux migrants.<\/p>\n\n\n\n<p class=\"wp-block-paragraph\">Une soixantaine d\u2019amis au d\u00e9part. Et un pari fou. Ils demandent un pr\u00eat aux banquiers\u2026qui disent oui. 450 000 euros. Et un crowdfunding &#8211; le plus gros de l\u2019histoire italienne ! &#8211; qui rapporte 750 000 euros de plus. Voil\u00e0 pour le bateau nomm\u00e9 \u00ab Mare Jionio \u00bb, la \u00ab Mer Ionienne \u00bb. Trente sept m\u00e8tres de long, onze membres d\u2019\u00e9quipage dont sept marins professionnels. Tous les autres \u00e0 Mediterranea sont des b\u00e9n\u00e9voles. Les secours en mer en mer sont interdits ? Tr\u00e8s bien, le bateau sera l\u00e0 pour t\u00e9moigner. Du monitoring. L\u00e0 o\u00f9 les migrants se noient.<\/p>\n\n\n\n<p class=\"wp-block-paragraph\">Face aux barques de naufrag\u00e9s, l\u2019\u00e9quipe alerte les secours, relay\u00e9e par \u00ab Alarm Phone \u00bb, une autre association qui prend tous les appels de d\u00e9tresse. Parfois, le centre maritime de Rome, selon ses instructions, renvoie vers les autorit\u00e9s libyennes \u2013 \u00ab un retour en enfer ! \u00bb &#8211; mais l\u2019\u00e9quipage insiste, relaie, alerte, fait du bruit. Et parvient tr\u00e8s souvent \u00e0 faire intervenir les garde-c\u00f4tes italiens. Comme ce matin m\u00eame, quand un bateau militaire est all\u00e9 secourir l\u2019embarcation sur le point de couler. Entre temps, Mediterranea a secou\u00e9 l\u2019Italie, \u00e9voqu\u00e9 le sort d\u2019une enfant de cinq ans \u00e0 l\u2019agonie, obtenu une intervention sur la RAI, la t\u00e9l\u00e9vision italienne, et a fait finalement tomber tous les blocages politiques.<\/p>\n\n\n\n<p class=\"wp-block-paragraph\">Au pire, quand personne ne veut se mobiliser, ce sont les marins du \u00ab Mare Jionio \u00bb qui font le sauvetage, quitte \u00e0 provoquer la col\u00e8re des autorit\u00e9s.<\/p>\n\n\n\n<figure class=\"wp-block-image size-large\"><img data-recalc-dims=\"1\" decoding=\"async\" width=\"275\" height=\"183\" data-attachment-id=\"898\" data-permalink=\"https:\/\/limboassociation.com\/en\/2019\/09\/01\/palerme-mediterranea-la-revolte-de-litalie-du-coeur\/mediterranea-boat\/\" data-orig-file=\"https:\/\/i0.wp.com\/limboassociation.com\/wp-content\/uploads\/2019\/06\/mediterranea-boat.jpg?fit=275%2C183&amp;ssl=1\" data-orig-size=\"275,183\" data-comments-opened=\"0\" data-image-meta=\"{&quot;aperture&quot;:&quot;0&quot;,&quot;credit&quot;:&quot;&quot;,&quot;camera&quot;:&quot;&quot;,&quot;caption&quot;:&quot;&quot;,&quot;created_timestamp&quot;:&quot;0&quot;,&quot;copyright&quot;:&quot;&quot;,&quot;focal_length&quot;:&quot;0&quot;,&quot;iso&quot;:&quot;0&quot;,&quot;shutter_speed&quot;:&quot;0&quot;,&quot;title&quot;:&quot;&quot;,&quot;orientation&quot;:&quot;0&quot;}\" data-image-title=\"mediterranea-boat\" data-image-description=\"\" data-image-caption=\"\" data-large-file=\"https:\/\/i0.wp.com\/limboassociation.com\/wp-content\/uploads\/2019\/06\/mediterranea-boat.jpg?fit=275%2C183&amp;ssl=1\" data-src=\"https:\/\/i0.wp.com\/limboassociation.com\/wp-content\/uploads\/2019\/06\/mediterranea-boat.jpg?resize=275%2C183&#038;ssl=1\" alt=\"\" class=\"wp-image-898 lazyload\" data-srcset=\"https:\/\/i0.wp.com\/limboassociation.com\/wp-content\/uploads\/2019\/06\/mediterranea-boat.jpg?w=275&amp;ssl=1 275w, https:\/\/i0.wp.com\/limboassociation.com\/wp-content\/uploads\/2019\/06\/mediterranea-boat.jpg?resize=16%2C12&amp;ssl=1 16w, https:\/\/i0.wp.com\/limboassociation.com\/wp-content\/uploads\/2019\/06\/mediterranea-boat.jpg?resize=230%2C153&amp;ssl=1 230w\" data-sizes=\"(max-width: 275px) 100vw, 275px\" src=\"data:image\/svg+xml;base64,PHN2ZyB3aWR0aD0iMSIgaGVpZ2h0PSIxIiB4bWxucz0iaHR0cDovL3d3dy53My5vcmcvMjAwMC9zdmciPjwvc3ZnPg==\" style=\"--smush-placeholder-width: 275px; --smush-placeholder-aspect-ratio: 275\/183;\" \/><\/figure>\n\n\n\n<p class=\"wp-block-paragraph\">Six missions \u00e0 30 miles, 45 km, des c\u00f4tes libyennes en quelques mois, deux sauvetages de quatre-vingts personnes dont une quinzaine de mineurs, 120 000 euros par mission, financ\u00e9s par les dons du peuple italien qui continuent d\u2019affluer. Mediterranea est redoutable d\u2019efficacit\u00e9. Trop sans doute aux yeux du pouvoir de Rome qui a mis le bateau sous s\u00e9questre dans le port sicilien de Licata pour\u2026<em>\u00ab avoir fait d\u00e9barquer des migrants irr\u00e9guliers sur le territoire national \u00bb !<\/em><\/p>\n\n\n\n<p class=\"wp-block-paragraph\">D\u00e9sormais, les naufrag\u00e9s sont consid\u00e9r\u00e9s comme de simples clandestins. Et qu\u2019importe si les autres se noient.<\/p>\n\n\n\n<p class=\"wp-block-paragraph\">Sauf que Mediterranea n\u2019est pas pr\u00eat de renoncer. De soixante membres, ils sont maintenant plus de quinze mille en Italie. Et les soutiens \u2013 dons, concerts, vedettes, &#8211; affluent de toutes parts.<\/p>\n\n\n\n<p class=\"wp-block-paragraph\">Alessandra et les autres attendent que le bateau soit rel\u00e2ch\u00e9. Et ils repartiront. Ils savent que le pouvoir veut effacer de la M\u00e9diterran\u00e9e les migrants, les ONG, les journalistes, tout ce qui peut t\u00e9moigner de l\u2019horreur.<\/p>\n\n\n\n<p class=\"wp-block-paragraph\">Mais la jeune sicilienne en col\u00e8re n\u2019a aucune crainte. Et elle serre le poing : <em>\u00ab ce n\u2019est pas en retenant un bateau qu\u2019ils arr\u00eateront Mediterranea ! \u00bb<\/em><\/p>\n\n\n\n<p class=\"wp-block-paragraph\"><strong>Jean-Paul Mari<\/strong><\/p>\n\n\n\n<p class=\"wp-block-paragraph\"><em>Le reportage complet sera publi\u00e9 dans le journal \u00ab Le 1 \u00bb dans le num\u00e9ro d&rsquo;ao\u00fbt 2019, qui sera enti\u00e8rement consacr\u00e9 aux migrants en M\u00e9diterran\u00e9e. <\/em><\/p>\n\n\n\n<p class=\"wp-block-paragraph\"><a href=\"https:\/\/le1hebdo.fr\/\" target=\"_blank\" rel=\"noreferrer noopener\" aria-label=\"Aller sur le site de \u00ab Le 1 \u00bb (ouverture dans un nouvel onglet)\">Aller sur le site de \u00ab Le 1 \u00bb<\/a><\/p>\n\n\n\n<p class=\"has-small-font-size wp-block-paragraph\">&#8211; Image extraite du film \u00ab LES MIGRANTS NE SAVENT PAS NAGER \u00bb de Jean-Paul Mari, Franck Dhelens<\/p>","protected":false},"excerpt":{"rendered":"<p>\u00ab\u00a0Carnets de route en M\u00e9diterran\u00e9e\u00a0\u00bb Une s\u00e9rie de reportages LIMBO autour du bassin m\u00e9diterran\u00e9en pour faire le point sur la situation des migrants \u00e0 l&rsquo;heure o\u00f9 les autorit\u00e9s essaient d&rsquo;effacer le probl\u00e8me. Notre reporter est all\u00e9 de Palerme \u00e0 Catane, de Lampedusa \u00e0 Tunis, pour faire le bilan des d\u00e9parts, des naufrages, de l&rsquo;action des [&hellip;]<\/p>\n","protected":false},"author":156574116,"featured_media":928,"comment_status":"closed","ping_status":"open","sticky":false,"template":"","format":"standard","meta":{"_coblocks_attr":"","_coblocks_dimensions":"","_coblocks_responsive_height":"","_coblocks_accordion_ie_support":"","_eb_attr":"","advanced_seo_description":"","jetpack_seo_html_title":"","jetpack_seo_noindex":false,"jetpack_seo_schema_type":"","_jetpack_newsletter_access":"","_jetpack_dont_email_post_to_subs":false,"_jetpack_newsletter_tier_id":0,"_jetpack_memberships_contains_paywalled_content":false,"_wpcom_ai_launchpad_first_post":false,"_jetpack_feature_clip_id":0,"_jetpack_memberships_contains_paid_content":false,"footnotes":"","jetpack_publicize_message":"{title}\n\n{excerpt}\n\n{url}","jetpack_publicize_feature_enabled":true,"jetpack_social_post_already_shared":false,"jetpack_social_options":{"image_generator_settings":{"template":"highway","default_image_id":0,"font":"","enabled":false},"version":2},"_wpas_customize_per_network":false,"jetpack_post_was_ever_published":false},"categories":[41147479],"tags":[58992,693912641,62791,13946,6384795],"class_list":["post-882","post","type-post","status-publish","format-standard","has-post-thumbnail","hentry","category-nos-reportages","tag-limbo","tag-limbo-association","tag-migrants","tag-reportage","tag-survivants"],"jetpack_publicize_connections":[],"jetpack_likes_enabled":true,"jetpack_sharing_enabled":true,"jetpack_shortlink":"https:\/\/wp.me\/paVtbP-ee","amp_enabled":true,"jetpack_featured_media_url":"https:\/\/i0.wp.com\/limboassociation.com\/wp-content\/uploads\/2019\/06\/migrants-nager.jpg?fit=2000%2C1125&ssl=1","_links":{"self":[{"href":"https:\/\/limboassociation.com\/en\/wp-json\/wp\/v2\/posts\/882","targetHints":{"allow":["GET"]}}],"collection":[{"href":"https:\/\/limboassociation.com\/en\/wp-json\/wp\/v2\/posts"}],"about":[{"href":"https:\/\/limboassociation.com\/en\/wp-json\/wp\/v2\/types\/post"}],"author":[{"embeddable":true,"href":"https:\/\/limboassociation.com\/en\/wp-json\/wp\/v2\/users\/156574116"}],"replies":[{"embeddable":true,"href":"https:\/\/limboassociation.com\/en\/wp-json\/wp\/v2\/comments?post=882"}],"version-history":[{"count":25,"href":"https:\/\/limboassociation.com\/en\/wp-json\/wp\/v2\/posts\/882\/revisions"}],"predecessor-version":[{"id":1500,"href":"https:\/\/limboassociation.com\/en\/wp-json\/wp\/v2\/posts\/882\/revisions\/1500"}],"wp:featuredmedia":[{"embeddable":true,"href":"https:\/\/limboassociation.com\/en\/wp-json\/wp\/v2\/media\/928"}],"wp:attachment":[{"href":"https:\/\/limboassociation.com\/en\/wp-json\/wp\/v2\/media?parent=882"}],"wp:term":[{"taxonomy":"category","embeddable":true,"href":"https:\/\/limboassociation.com\/en\/wp-json\/wp\/v2\/categories?post=882"},{"taxonomy":"post_tag","embeddable":true,"href":"https:\/\/limboassociation.com\/en\/wp-json\/wp\/v2\/tags?post=882"}],"curies":[{"name":"wp","href":"https:\/\/api.w.org\/{rel}","templated":true}]}}